{"id":823,"date":"2019-04-29T20:22:01","date_gmt":"2019-04-29T17:22:01","guid":{"rendered":"http:\/\/www.ibrahimaybek.com\/?p=823"},"modified":"2019-07-24T14:26:11","modified_gmt":"2019-07-24T11:26:11","slug":"pinokyonun-geri-kazanimi-katlanabilir-elektrikli-bisikletler","status":"publish","type":"post","link":"https:\/\/www.ibrahimaybek.com\/index.php\/2019\/04\/29\/pinokyonun-geri-kazanimi-katlanabilir-elektrikli-bisikletler\/","title":{"rendered":"Pinokyo&#8217;nun Geri D\u00f6n\u00fc\u015f\u00fc- Katlanabilir Elektrikli Bisikletler"},"content":{"rendered":"<p>Hi\u00e7 unutmam. \u0130lkokul ya\u015flar\u0131ndayd\u0131m. Ak\u015famleyin babam eve geldi\u011finde, herkesi a\u015fa\u011f\u0131 \u00e7a\u011f\u0131rm\u0131\u015ft\u0131. Karde\u015flerimle a\u015fa\u011f\u0131 indi\u011fimizde bizleri muhte\u015fem bir s\u00fcrpriz bekliyordu. Babam bize k\u0131rm\u0131z\u0131 Pinokyo bisiklet alm\u0131\u015ft\u0131. \u00dcstelik bu bisiklet s\u0131radan bir bisiklet de\u011fildi. Katlanan bir bisikletti.<\/p>\n<p>Karde\u015flerim bisiklet s\u00fcrmeyi \u00f6\u011frendi, bense halen bisiklet s\u00fcrebilmek i\u00e7in \u00e7ok k\u00fc\u00e7\u00fckt\u00fcm. Ancak yine de heyecanla bisikleti s\u00fcren karde\u015flerimi izlerdim ve bisikleti s\u00fcrebilece\u011fim gelecekteki g\u00fcnleri d\u00fc\u015flerdim. K\u0131rm\u0131z\u0131 pinokyo bisiklet maceram\u0131z bir \u015fokla son bulmu\u015ftu. Apartman\u0131m\u0131za giren h\u0131rs\u0131zlar, bisikleti \u00e7alm\u0131\u015flard\u0131. O g\u00fcnden bug\u00fcne hi\u00e7 pinokyo bisiklet g\u00f6rmedim. Y\u0131llar y\u0131llar\u0131 kovalad\u0131. 2020\u2019lere merdiven dayad\u0131\u011f\u0131m\u0131z bug\u00fcnlerde t\u00fcm \u00e7al\u0131nan pinokyo bisikletlerin ah\u0131 m\u0131 tutmu\u015ftur nedir, katlanan bisikletler gerek elektrikli modelleriyle gerekse d\u00fcz modelleri ile piyasalara geri d\u00f6n\u00fc\u015f yapt\u0131.<\/p>\n<p><a href=\"http:\/\/www.ibrahimaybek.com\/wp-content\/uploads\/2019\/04\/pinokyo-bisiklet.jpg\"><img loading=\"lazy\" decoding=\"async\" class=\"alignnone size-full wp-image-824\" src=\"http:\/\/www.ibrahimaybek.com\/wp-content\/uploads\/2019\/04\/pinokyo-bisiklet.jpg\" alt=\"pinokyo-bisiklet\" width=\"346\" height=\"260\" srcset=\"https:\/\/www.ibrahimaybek.com\/wp-content\/uploads\/2019\/04\/pinokyo-bisiklet.jpg 346w, https:\/\/www.ibrahimaybek.com\/wp-content\/uploads\/2019\/04\/pinokyo-bisiklet-300x225.jpg 300w\" sizes=\"auto, (max-width: 346px) 100vw, 346px\" \/><\/a><\/p>\n<p>Olay\u0131n nostaljik y\u00f6n\u00fc bir tarafa b\u0131rak\u0131lacak olursa, \u00f6zellikle Avrupa\u2019da son y\u0131llarda alternatif ula\u015f\u0131m ara\u00e7lar\u0131 son derece pop\u00fclerlik kazand\u0131. \u00d6zellikle kalabal\u0131k ailelerin oran\u0131n\u0131n d\u00fc\u015f\u00fck oldu\u011fu Kuzey Avrupa \u00fclkelerinde bisikletler o kadar yay\u0131ld\u0131 ki, s\u0131k s\u0131k haberlerde, i\u015fe bisikletle giden politikac\u0131, devlet ba\u015fkan\u0131, \u015firket CEO\u2019su haberleri birbirini kovalar oldu. Hatta sadece bisikletler de\u011fil, Lizbon gibi baz\u0131 Avrupa ba\u015fkentlerinde elektrikli scooterlar\u0131n turistik kullan\u0131m\u0131n yan\u0131 s\u0131ra k\u0131sa mesafe \u015fehir i\u00e7i ula\u015f\u0131mda kullan\u0131mlar\u0131 yayg\u0131nla\u015fm\u0131\u015ft\u0131r.<\/p>\n<p><a href=\"http:\/\/www.ibrahimaybek.com\/wp-content\/uploads\/2019\/04\/lime-scooters.jpg\"><img loading=\"lazy\" decoding=\"async\" class=\"alignnone size-full wp-image-829\" src=\"http:\/\/www.ibrahimaybek.com\/wp-content\/uploads\/2019\/04\/lime-scooters.jpg\" alt=\"lime-scooters\" width=\"800\" height=\"533\" srcset=\"https:\/\/www.ibrahimaybek.com\/wp-content\/uploads\/2019\/04\/lime-scooters.jpg 800w, https:\/\/www.ibrahimaybek.com\/wp-content\/uploads\/2019\/04\/lime-scooters-300x200.jpg 300w, https:\/\/www.ibrahimaybek.com\/wp-content\/uploads\/2019\/04\/lime-scooters-768x512.jpg 768w\" sizes=\"auto, (max-width: 800px) 100vw, 800px\" \/><\/a><\/p>\n<p>\u00dclkemizde de bu trendi kovalayan idealist belediyeler var. Co\u011frafi ko\u015fullard\u0131n da bisiklet kullan\u0131m\u0131na elveri\u015fli oldu\u011fu Konya \u015fehrinde belediyenin bisiklet kullan\u0131m\u0131n\u0131 art\u0131rmaya y\u00f6nelik \u00f6nemli te\u015fvikleri bulunmaktad\u0131r. Kent merkezinde az\u0131msanmayacak uzunluklarda bisiklet yollar\u0131 yap\u0131lm\u0131\u015ft\u0131r. Pratikte maalesef bu bisiklet yollar\u0131 zaman zaman park halindeki ara\u00e7lar taraf\u0131ndan i\u015fgal edilmektedir ancak yine de \u00e7evre dostu bisikletlerin say\u0131s\u0131 artt\u0131k\u00e7a bisikletlilere duyarl\u0131 \u015fof\u00f6rlerin say\u0131s\u0131 da artmaktad\u0131r. Bisiklet yollar\u0131na ilaveten kentte belediyeye ait kiralanabilir bisikletler bulunmaktad\u0131r. Her ne kadar uzun u\u011fra\u015flar\u0131ma ra\u011fmen kiralamay\u0131 ba\u015faramasam da, kentte s\u00fcrekli ya\u015fayanlar\u0131n bu bisikletleri kulland\u0131klar\u0131 g\u00f6r\u00fclmektedir.<\/p>\n<p>Elbette \u00fclkemizdeki bir\u00e7ok \u015fehir Konya gibi d\u00fczl\u00fck de\u011fildir. Bisiklet s\u00fcrmek yoku\u015flar ve rampalar s\u00f6z konusu oldu\u011funda spordan \u00e7ok \u00e7ileye d\u00f6n\u00fc\u015fmektedir. \u00d6zellikle d\u00fczenli spor yap\u0131lmayan \u00fclkemizde, art\u0131k kaslar\u0131m\u0131z yoku\u015flu yollarda bisiklet pedallamaya yetmemektedir. \u0130\u015fte bu ihtiyac\u0131 kar\u015f\u0131lamak i\u00e7in son y\u0131llarda yerli ve yabanc\u0131 firmalar taraf\u0131ndan elektrikli bisikletler \u00fcretilmeye ba\u015flanm\u0131\u015ft\u0131r. Bu bisikletlerden \u00f6zellikle de kent kullan\u0131c\u0131lar\u0131 i\u00e7in katlanabilir olan modeller \u00f6n plana \u00e7\u0131kmaktad\u0131r. Bu bisikletlerle otob\u00fcse, metroya ve trene binmek m\u00fcmk\u00fcnd\u00fcr. \u00d6zellikle \u00fclkemizde kullan\u0131m\u0131 yayg\u0131n olan YHT h\u0131zl\u0131 trenlere katlanabilir bisikletlerle binilmeye izin verilmektedir.<\/p>\n<p>\u0130stanbul gibi \u00e7ok yoku\u015flu ve trafi\u011fin \u00e7ile oldu\u011fu \u015fehirlerde bu bisikletler size olduk\u00e7a pratik bir ya\u015fam tarz\u0131n\u0131 sunmaktad\u0131rlar.<\/p>\n<p>Son y\u0131llarda Xaomi gibi k\u00fcresel firmalar da bu alanda AR-GE projelerine yat\u0131r\u0131m yapmaya ba\u015flam\u0131\u015flard\u0131r. Ve bu bisikletlerin tek \u00e7\u0131k\u0131\u015f menzilleri g\u00fcnden g\u00fcne artmaktad\u0131r. \u015eu anda \u00fclkemizde sat\u0131lan belirli ba\u015fl\u0131 marka ve modellerde ortalama 40km menzil sunulmaktad\u0131r.<\/p>\n<p><a href=\"http:\/\/www.ibrahimaybek.com\/wp-content\/uploads\/2019\/04\/xiaomi-mi-qicycle.jpeg\"><img loading=\"lazy\" decoding=\"async\" class=\"alignnone size-full wp-image-830\" src=\"http:\/\/www.ibrahimaybek.com\/wp-content\/uploads\/2019\/04\/xiaomi-mi-qicycle.jpeg\" alt=\"xiaomi-mi-qicycle\" width=\"580\" height=\"330\" srcset=\"https:\/\/www.ibrahimaybek.com\/wp-content\/uploads\/2019\/04\/xiaomi-mi-qicycle.jpeg 580w, https:\/\/www.ibrahimaybek.com\/wp-content\/uploads\/2019\/04\/xiaomi-mi-qicycle-300x171.jpeg 300w\" sizes=\"auto, (max-width: 580px) 100vw, 580px\" \/><\/a><\/p>\n<p>Ben de modaya uyarak bu bisikletlerden Goccia City Zero isimli modeli edinerek denemeye ba\u015flad\u0131m. Bisikletle ilgili ilk izlenimlerimi saymaya ba\u015flamadan \u00f6nce \u015funu belirtmem laz\u0131m. \u0130\u015f yerim ile evim aras\u0131 7,5 km. Bisikleti ald\u0131ktan sonra i\u015f yerine ula\u015fma s\u00fcrem arabaya g\u00f6re k\u0131sald\u0131. (Var\u0131\u015f s\u00fcrem hi\u00e7 trafik olmayan bir g\u00fcnde arabayla gelebildi\u011fim minimum s\u00fcreye e\u015fit.)Trafik stresi ya\u015fam\u0131yorum. Bisiklet s\u00fcr\u00fclebilen yaz aylar\u0131 baz al\u0131nd\u0131\u011f\u0131nda yapaca\u011f\u0131m benzin masraf\u0131 tasarrufu zaten bisikletin bedelini am\u00f6rti ediyor. Sadece b\u00f6yle pragmatik bir \u00e7er\u00e7eveden bak\u0131ld\u0131\u011f\u0131nda dahi bu bisikletleri kullanman\u0131n ne kadar avantajl\u0131 oldu\u011fu g\u00f6r\u00fclmektedir. Her g\u00fcn i\u015fe gidip gelirken olmasa bile, \u00f6zellikle park yeri s\u0131k\u0131nt\u0131s\u0131 ya\u015fanan kent merkezlerine yapt\u0131\u011f\u0131m\u0131z gezintilerde bu bisikletler bize b\u00fcy\u00fck kolayl\u0131k sa\u011flamaktad\u0131r.<\/p>\n<p>Bisikletin tam \u015farj\u0131n\u0131 t\u00fcketerek yapt\u0131\u011f\u0131m bir seyahati ayd\u0131nlat\u0131c\u0131 olmas\u0131 a\u00e7\u0131s\u0131ndan payla\u015f\u0131yorum. 22 km yol gittim. 450m yoku\u015f \u00e7\u0131km\u0131\u015f\u0131m ve inmi\u015fim. S\u00fcr\u00fc\u015f s\u00fcrem 45dk. Eve d\u00f6nd\u00fc\u011f\u00fcmde bisiklette hale tek di\u015f \u015farj g\u00f6sterse de art\u0131k motor g\u00fc\u00e7ten d\u00fc\u015fmeye ba\u015flam\u0131\u015ft\u0131.<\/p>\n<p><a href=\"http:\/\/www.ibrahimaybek.com\/wp-content\/uploads\/2019\/04\/guzergah.png\"><img loading=\"lazy\" decoding=\"async\" class=\"alignnone size-large wp-image-843\" src=\"http:\/\/www.ibrahimaybek.com\/wp-content\/uploads\/2019\/04\/guzergah-1024x657.png\" alt=\"guzergah\" width=\"720\" height=\"462\" srcset=\"https:\/\/www.ibrahimaybek.com\/wp-content\/uploads\/2019\/04\/guzergah-1024x657.png 1024w, https:\/\/www.ibrahimaybek.com\/wp-content\/uploads\/2019\/04\/guzergah-300x193.png 300w, https:\/\/www.ibrahimaybek.com\/wp-content\/uploads\/2019\/04\/guzergah-768x493.png 768w, https:\/\/www.ibrahimaybek.com\/wp-content\/uploads\/2019\/04\/guzergah.png 1207w\" sizes=\"auto, (max-width: 720px) 100vw, 720px\" \/><\/a><\/p>\n<p>Avantajlar<\/p>\n<ul>\n<li>Ankara\u2019n\u0131n yoku\u015flar\u0131 i\u00e7in gayet yeterli g\u00fcce sahip. Sizi terletmeden \u015fehir i\u00e7inde her yere ula\u015ft\u0131rabiliyor.(Denedi\u011fim dik yoku\u015flar: Ayranc\u0131 yoku\u015fu, Cevizlidere\u00a0 caddesi yoku\u015flar\u0131)<\/li>\n<li>\u00c7abuk katlanabiliyor. Katland\u0131ktan sonra ayakta durabiliyor.<\/li>\n<li>Katland\u0131ktan sonra da tek teker \u00fcst\u00fcnde y\u00fcr\u00fct\u00fclebiliyor.<\/li>\n<li>H\u0131zl\u0131 \u015farj s\u00fcresi(4 Saatte \u015farj oluyor.)<\/li>\n<li>Katlanm\u0131\u015f hali ara\u00e7 bagaj\u0131na s\u0131\u011fabiliyor. Acil durum oldu\u011funda, toplu ula\u015f\u0131mla yolunuza devam edebilirsiniz.<\/li>\n<li>Bisikletin son h\u0131z\u0131 25km\/h olmas\u0131 nedeniyle kaza riski d\u00fc\u015f\u00fcyor. H\u0131z\u0131n\u0131z\u0131 kontrol etmenizi sa\u011fl\u0131yor.<\/li>\n<li>20 inch tekerleri nedeniyle manevra kabiliyeti y\u00fcksek.<\/li>\n<li>\u015earj\u0131 bittikten sonra da d\u00fcz yollarda \u00e7ok rahat pedallanabiliyor.<\/li>\n<li>Pedal deste\u011fi de istemesi, sizi hem a\u015f\u0131r\u0131 yormuyor, hem de tembelli\u011fe al\u0131\u015ft\u0131rm\u0131yor.<\/li>\n<li>Pedala ne kadar g\u00fc\u00e7 verirseniz \u015farj\u0131n\u0131z \u00f6mr\u00fc o kadar uzuyor.<\/li>\n<\/ul>\n<p>Sevmedi\u011fim y\u00f6nleri<\/p>\n<ul>\n<li>Gaz kolu yok. Motorunun devreye girmesi i\u00e7in pedal atman\u0131z \u015fart. (Gaz kolu sonradan eklenebiliyormu\u015f, ancak sadece gaz vererek giderseniz menzil mesafeniz d\u00fc\u015f\u00fcyormu\u015f.)<\/li>\n<li>Frenleri disk fren de\u011fil, zay\u0131f oldu\u011fu s\u00f6ylenebilir.<\/li>\n<li>Amortis\u00f6r\u00fc olmad\u0131\u011f\u0131 i\u00e7in yoldaki \u00e7ukurlardan \u00e7ok etkileniyor.(Bunun da sonradan eklenebilece\u011fini tahmin ediyorum.)<\/li>\n<li>Bisiklet katlad\u0131ktan sonra kald\u0131rmak i\u00e7in biraz a\u011f\u0131r. (22kg)<\/li>\n<li>\u015earj\u0131 azald\u0131\u011f\u0131 zaman motor g\u00fcc\u00fcnde de zay\u0131flama oluyor.<\/li>\n<li>Motor g\u00fcc\u00fcn\u00fc ayarland\u0131\u011f\u0131 kolun hassasiyeti \u00e7ok iyi de\u011fil, bu nedenle aniden motor g\u00fcc\u00fcn\u00fc d\u00fc\u015f\u00fcrmek gerekti\u011finde, seri tepki vermiyor.<\/li>\n<li>Y\u00fck ta\u015f\u0131ma kapasitesi d\u00fc\u015f\u00fck. \u00d6ne sele tak\u0131labiliyor. Bir \u015feyler ta\u015f\u0131mak i\u00e7in s\u0131rt \u00e7antas\u0131 vaz ge\u00e7ilmeziniz olmak durumunda.<\/li>\n<li>En b\u00fcy\u00fck vitesinde bile pedal \u00e7ok h\u0131zl\u0131 d\u00f6n\u00fcyor. Tekerleri k\u00fc\u00e7\u00fck oldu\u011fu i\u00e7in en y\u00fcksek vitesi ile de gitseniz \u00e7ok h\u0131z yapam\u0131yorsunuz.<\/li>\n<\/ul>\n<p>Bir yerden bir yere kendimizi ta\u015f\u0131rken, \u00f6zellikle de tek ki\u015fiysek kendimizle birlikte 1,5 tonluk, devasa bir kabini beraberimizde ta\u015f\u0131yor olmam\u0131z, eminim gelecekteki nesillere \u00e7ok komik gelecek. Elektrikli bisikletler her ge\u00e7en g\u00fcn bizlere daha \u00e7ok \u00f6zg\u00fcrl\u00fck ve daha \u00e7ok konfor sunabilmektedirler.\u00a0G\u00fcnden g\u00fcne\u00a0arabalar\u0131n yery\u00fcz\u00fcn\u00fc i\u015fgal etti\u011fi metropollerde elektrikli bisikletler yeniden yaya \u00f6ncelikli, daha insanc\u0131l bir d\u00fcnyan\u0131n anahtar\u0131n\u0131 bizlere sunabilece\u011fine inan\u0131yorum. Gelecekte,, fosil yak\u0131tlar\u0131n da t\u00fckenmesiyle birlikte bu t\u00fcr ula\u015f\u0131m ara\u00e7lar\u0131n\u0131n arabalardan daha yayg\u0131n olaca\u011f\u0131 inanc\u0131nday\u0131m.<\/p>\n\n\t\t<style>\n\t\t\t#gallery-1 {\n\t\t\t\tmargin: auto;\n\t\t\t}\n\t\t\t#gallery-1 .gallery-item {\n\t\t\t\tfloat: left;\n\t\t\t\tmargin-top: 10px;\n\t\t\t\ttext-align: center;\n\t\t\t\twidth: 33%;\n\t\t\t}\n\t\t\t#gallery-1 img {\n\t\t\t\tborder: 2px solid #cfcfcf;\n\t\t\t}\n\t\t\t#gallery-1 .gallery-caption {\n\t\t\t\tmargin-left: 0;\n\t\t\t}\n\t\t\t\/* see gallery_shortcode() in wp-includes\/media.php *\/\n\t\t<\/style>\n\t\t<div id='gallery-1' class='gallery galleryid-823 gallery-columns-3 gallery-size-thumbnail'><dl class='gallery-item'>\n\t\t\t<dt class='gallery-icon landscape'>\n\t\t\t\t<a href='https:\/\/www.ibrahimaybek.com\/index.php\/2019\/04\/29\/pinokyonun-geri-kazanimi-katlanabilir-elektrikli-bisikletler\/20190428_122559_resized\/'><img loading=\"lazy\" decoding=\"async\" width=\"150\" height=\"150\" src=\"https:\/\/www.ibrahimaybek.com\/wp-content\/uploads\/2019\/04\/20190428_122559_resized-150x150.jpg\" class=\"attachment-thumbnail size-thumbnail\" alt=\"\" aria-describedby=\"gallery-1-827\" srcset=\"https:\/\/www.ibrahimaybek.com\/wp-content\/uploads\/2019\/04\/20190428_122559_resized-150x150.jpg 150w, https:\/\/www.ibrahimaybek.com\/wp-content\/uploads\/2019\/04\/20190428_122559_resized-160x160.jpg 160w, https:\/\/www.ibrahimaybek.com\/wp-content\/uploads\/2019\/04\/20190428_122559_resized-320x320.jpg 320w\" sizes=\"auto, (max-width: 150px) 100vw, 150px\" \/><\/a>\n\t\t\t<\/dt>\n\t\t\t\t<dd class='wp-caption-text gallery-caption' id='gallery-1-827'>\n\t\t\t\tGoccia City Zero Modeli\n\t\t\t\t<\/dd><\/dl><dl class='gallery-item'>\n\t\t\t<dt class='gallery-icon landscape'>\n\t\t\t\t<a href='https:\/\/www.ibrahimaybek.com\/index.php\/2019\/04\/29\/pinokyonun-geri-kazanimi-katlanabilir-elektrikli-bisikletler\/20190428_153831_resized\/'><img loading=\"lazy\" decoding=\"async\" width=\"150\" height=\"150\" src=\"https:\/\/www.ibrahimaybek.com\/wp-content\/uploads\/2019\/04\/20190428_153831_resized-150x150.jpg\" class=\"attachment-thumbnail size-thumbnail\" alt=\"\" aria-describedby=\"gallery-1-828\" srcset=\"https:\/\/www.ibrahimaybek.com\/wp-content\/uploads\/2019\/04\/20190428_153831_resized-150x150.jpg 150w, https:\/\/www.ibrahimaybek.com\/wp-content\/uploads\/2019\/04\/20190428_153831_resized-160x160.jpg 160w, https:\/\/www.ibrahimaybek.com\/wp-content\/uploads\/2019\/04\/20190428_153831_resized-320x320.jpg 320w\" sizes=\"auto, (max-width: 150px) 100vw, 150px\" \/><\/a>\n\t\t\t<\/dt>\n\t\t\t\t<dd class='wp-caption-text gallery-caption' id='gallery-1-828'>\n\t\t\t\tBisikletin katlanm\u0131\u015f hali\n\t\t\t\t<\/dd><\/dl><dl class='gallery-item'>\n\t\t\t<dt class='gallery-icon landscape'>\n\t\t\t\t<a href='https:\/\/www.ibrahimaybek.com\/index.php\/2019\/04\/29\/pinokyonun-geri-kazanimi-katlanabilir-elektrikli-bisikletler\/20190427_182722_resized\/'><img loading=\"lazy\" decoding=\"async\" width=\"150\" height=\"150\" src=\"https:\/\/www.ibrahimaybek.com\/wp-content\/uploads\/2019\/04\/20190427_182722_resized-150x150.jpg\" class=\"attachment-thumbnail size-thumbnail\" alt=\"\" aria-describedby=\"gallery-1-826\" srcset=\"https:\/\/www.ibrahimaybek.com\/wp-content\/uploads\/2019\/04\/20190427_182722_resized-150x150.jpg 150w, https:\/\/www.ibrahimaybek.com\/wp-content\/uploads\/2019\/04\/20190427_182722_resized-160x160.jpg 160w, https:\/\/www.ibrahimaybek.com\/wp-content\/uploads\/2019\/04\/20190427_182722_resized-320x320.jpg 320w\" sizes=\"auto, (max-width: 150px) 100vw, 150px\" \/><\/a>\n\t\t\t<\/dt>\n\t\t\t\t<dd class='wp-caption-text gallery-caption' id='gallery-1-826'>\n\t\t\t\tKonya&#8217;da bisikleti denerken\n\t\t\t\t<\/dd><\/dl><br style=\"clear: both\" \/><dl class='gallery-item'>\n\t\t\t<dt class='gallery-icon portrait'>\n\t\t\t\t<a href='https:\/\/www.ibrahimaybek.com\/index.php\/2019\/04\/29\/pinokyonun-geri-kazanimi-katlanabilir-elektrikli-bisikletler\/20190426_205145_resized\/'><img loading=\"lazy\" decoding=\"async\" width=\"150\" height=\"150\" src=\"https:\/\/www.ibrahimaybek.com\/wp-content\/uploads\/2019\/04\/20190426_205145_resized-150x150.jpg\" class=\"attachment-thumbnail size-thumbnail\" alt=\"\" aria-describedby=\"gallery-1-825\" srcset=\"https:\/\/www.ibrahimaybek.com\/wp-content\/uploads\/2019\/04\/20190426_205145_resized-150x150.jpg 150w, https:\/\/www.ibrahimaybek.com\/wp-content\/uploads\/2019\/04\/20190426_205145_resized-160x160.jpg 160w, https:\/\/www.ibrahimaybek.com\/wp-content\/uploads\/2019\/04\/20190426_205145_resized-320x320.jpg 320w\" sizes=\"auto, (max-width: 150px) 100vw, 150px\" \/><\/a>\n\t\t\t<\/dt>\n\t\t\t\t<dd class='wp-caption-text gallery-caption' id='gallery-1-825'>\n\t\t\t\tH\u0131zl\u0131 trene koyulmu\u015f bir katlan\u0131r bisiklet\n\t\t\t\t<\/dd><\/dl>\n\t\t\t<br style='clear: both' \/>\n\t\t<\/div>\n\n","protected":false},"excerpt":{"rendered":"<p>Hi\u00e7 unutmam. \u0130lkokul ya\u015flar\u0131ndayd\u0131m. Ak\u015famleyin babam eve geldi\u011finde, herkesi a\u015fa\u011f\u0131 \u00e7a\u011f\u0131rm\u0131\u015ft\u0131. Karde\u015flerimle a\u015fa\u011f\u0131 indi\u011fimizde bizleri muhte\u015fem bir s\u00fcrpriz bekliyordu. Babam bize k\u0131rm\u0131z\u0131 Pinokyo bisiklet alm\u0131\u015ft\u0131. \u00dcstelik bu bisiklet s\u0131radan bir bisiklet de\u011fildi. Katlanan bir bisikletti. Karde\u015flerim&#46;&#46;&#46;<\/p>\n","protected":false},"author":1,"featured_media":827,"comment_status":"closed","ping_status":"open","sticky":false,"template":"","format":"gallery","meta":{"footnotes":""},"categories":[1],"tags":[108,110,106,107,105,109],"class_list":["post-823","post","type-post","status-publish","format-gallery","has-post-thumbnail","hentry","category-ilginclik","tag-alternatif","tag-araclari","tag-bisiklet","tag-elektrikli","tag-katlanabilir","tag-ulasim","post_format-post-format-gallery"],"_links":{"self":[{"href":"https:\/\/www.ibrahimaybek.com\/index.php\/wp-json\/wp\/v2\/posts\/823","targetHints":{"allow":["GET"]}}],"collection":[{"href":"https:\/\/www.ibrahimaybek.com\/index.php\/wp-json\/wp\/v2\/posts"}],"about":[{"href":"https:\/\/www.ibrahimaybek.com\/index.php\/wp-json\/wp\/v2\/types\/post"}],"author":[{"embeddable":true,"href":"https:\/\/www.ibrahimaybek.com\/index.php\/wp-json\/wp\/v2\/users\/1"}],"replies":[{"embeddable":true,"href":"https:\/\/www.ibrahimaybek.com\/index.php\/wp-json\/wp\/v2\/comments?post=823"}],"version-history":[{"count":13,"href":"https:\/\/www.ibrahimaybek.com\/index.php\/wp-json\/wp\/v2\/posts\/823\/revisions"}],"predecessor-version":[{"id":845,"href":"https:\/\/www.ibrahimaybek.com\/index.php\/wp-json\/wp\/v2\/posts\/823\/revisions\/845"}],"wp:featuredmedia":[{"embeddable":true,"href":"https:\/\/www.ibrahimaybek.com\/index.php\/wp-json\/wp\/v2\/media\/827"}],"wp:attachment":[{"href":"https:\/\/www.ibrahimaybek.com\/index.php\/wp-json\/wp\/v2\/media?parent=823"}],"wp:term":[{"taxonomy":"category","embeddable":true,"href":"https:\/\/www.ibrahimaybek.com\/index.php\/wp-json\/wp\/v2\/categories?post=823"},{"taxonomy":"post_tag","embeddable":true,"href":"https:\/\/www.ibrahimaybek.com\/index.php\/wp-json\/wp\/v2\/tags?post=823"}],"curies":[{"name":"wp","href":"https:\/\/api.w.org\/{rel}","templated":true}]}}