{"id":663,"date":"2017-09-27T21:52:59","date_gmt":"2017-09-27T18:52:59","guid":{"rendered":"http:\/\/www.ibrahimaybek.com\/?p=663"},"modified":"2017-09-27T23:52:25","modified_gmt":"2017-09-27T20:52:25","slug":"posetli-dede","status":"publish","type":"post","link":"https:\/\/www.ibrahimaybek.com\/index.php\/2017\/09\/27\/posetli-dede\/","title":{"rendered":"Po\u015fetli Dede"},"content":{"rendered":"<p>&nbsp;<\/p>\n<p>Po\u015fetli Dede<\/p>\n<p>Do\u011fup b\u00fcy\u00fcd\u00fc\u011f\u00fcm Konya\u2019da so\u011fuk k\u0131\u015f sabahlar\u0131nda, okula gitmek i\u00e7in tramvay bekledi\u011fim durakta elinde baston, belki de asa demek daha do\u011fru ya\u015fl\u0131 bir dede olurdu. Kimisi deli derdi, kimisi veli derdi. Kimisi atom m\u00fchendisi oldu\u011funu iddia ederdi. Bana g\u00f6re ise bu dede tam olarak, Victor Hugo\u2019nun sefiller roman\u0131ndan f\u0131rlam\u0131\u015f gibiydi. Ola\u011fanca \u00f6zensiz sakallar\u0131, giyimi ku\u015fam\u0131, so\u011fuktan buru\u015fmu\u015f y\u00fcz hatlar\u0131, ile san\u0131r\u0131m Sefiller roman\u0131n\u0131n kapa\u011f\u0131na onun resmi bas\u0131lsa idi, kimse o resmin Po\u015fetli dede\u2019ye ait oldu\u011funu farketmezdi.<\/p>\n<p>Kimsenin ismini, kim oldu\u011funu bilmedi\u011fi bu dede 2000\u2019li y\u0131llar\u0131n ba\u015f\u0131nda insanlardan otob\u00fcs bileti isterdi. Yan\u0131nda fazla bileti olanlar \u00e7\u0131kar\u0131r verirdi. Ak\u015famlar\u0131 bilet gi\u015fesi kapand\u0131ktan sonra, <em>po\u015fetli dede<\/em>, g\u00fcnd\u00fczleyin toplad\u0131\u011f\u0131 biletleri satard\u0131. Hem ticaret yapard\u0131 hem de, g\u00f6n\u00fcll\u00fc olarak o saatlerde bilet gi\u015fesi g\u00f6revi g\u00f6r\u00fcrd\u00fc.<\/p>\n<p>Sonraki y\u0131llarda bilet sistemi de\u011fi\u015fti, ak\u0131ll\u0131 kart \u00e7\u0131kt\u0131. Po\u015fetli dede art\u0131k durakta beklemiyordu. Po\u015fetli dede art\u0131k Mevlana m\u00fczesi, Aleaddin Tepesi, Zafer muhitlerinde dilenerek ya\u015fam\u0131n\u0131 idame ettiriyordu.<\/p>\n<p>Po\u015fetli dede tam bir biriktiriciydi. S\u00fcrekli dilenirdi, ancak dilendi\u011fi paralar\u0131 harcad\u0131\u011f\u0131na hi\u00e7 kimse \u015fahit olmad\u0131. Anlat\u0131lana g\u00f6re biriktirdi\u011fi paralar Yirmibin TL\u2019ye ula\u015f\u0131nca paras\u0131n\u0131 ad\u0131na a\u00e7t\u0131rd\u0131\u011f\u0131 banka hesab\u0131na yat\u0131r\u0131rd\u0131. Bankaya giderken d\u0131\u015f g\u00f6r\u00fcn\u00fc\u015f\u00fc ile dikkat \u00e7ekmemek i\u00e7in, g\u00fczel elbiseler giyer, sakal\u0131n\u0131 da ayakkab\u0131 boyas\u0131 ile boyard\u0131.<\/p>\n<p>Po\u015fetli dede, asl\u0131nda herkesten ak\u0131ll\u0131yd\u0131. O deli de\u011fildi. O biz kendini ak\u0131ll\u0131 zannedenlerden farkl\u0131 bir boyutta, farkl\u0131 bir d\u00fcnyada ya\u015f\u0131yordu demek daha do\u011fru olurdu. Hi\u00e7 dostu yoktu. Yanl\u0131zd\u0131. Evsizdi. Sokaklar\u0131nd\u0131. Biriktirdi\u011fi paralar \u00e7ok rahat \u015fekilde, ev almaya, ba\u011f bah\u00e7e almaya, ekip dikmeye yeterdi ama Po\u015fetli dedeninki bir ele\u015ftiriydi. D\u00fcnyaya moderniteye, topluma belki de hayat\u0131n tam kendisine bir tepki idi. Evet o dileniyordu, ancak herkesin atlad\u0131\u011f\u0131 bir nokta var, o bu paralar\u0131 harcam\u0131yordu. Asl\u0131nda onun g\u00f6revi bu koca \u015fehirde belki de bir\u00e7ok ki\u015finin sadece sadaka kap\u0131s\u0131n\u0131 a\u00e7\u0131k tutmakt\u0131. Sadaka verecek birini arayan m\u0131 vard\u0131, i\u015fte po\u015fetli dede orda duruyordu.<\/p>\n<p>Po\u015fetli dedeye kap\u0131 cami esnaf\u0131 g\u00fczel elbiseler al\u0131rd\u0131. Po\u015fetli dede hemen bir makas bulur bulu\u015fturur, elbisenin \u015furas\u0131n\u0131 buras\u0131n\u0131 keserdi. Al\u0131\u015f\u0131k oldu\u011fu g\u00f6r\u00fcn\u00fcme b\u00fcr\u00fcn\u00fcrd\u00fc. Elbiselerini kesti\u011fi yetmez gibi, elbiselerin sa\u011f\u0131na soluna po\u015fetler ba\u011flard\u0131. Sanki onun bu tavr\u0131 da g\u00fcn\u00fcm\u00fczde giyim \u00fczerinden belirlenen sosyal stat\u00fclere bir tepkiydi.<\/p>\n<p>Po\u015fetli dede, ara s\u0131ra otob\u00fcse tramvaya biner, gen\u00e7lerle sohbet ederdi. Po\u015fetli dedenin, atom bombas\u0131n\u0131 icat eden m\u00fchendislerden biri oldu\u011fu iddia edilirdi. Bu tip s\u00f6ylentiler de po\u015fetli dedenin ho\u015funa gitmi\u015f olacak, dede bu konuyla ilgili ezberledi\u011fi tekerlemeleri h\u0131zl\u0131 h\u0131zl\u0131 say\u0131p d\u00f6kerdi. \u0130nsanlar onunla e\u011flenirdi. Po\u015fetli dede de onlarla e\u011flenirdi. Po\u015fetli dede, insanlara t\u00fcrl\u00fc t\u00fcrl\u00fc hikayeler anlat\u0131rd\u0131. Bana g\u00f6re insanlar\u0131n en \u00e7ok neyi duymay\u0131 seveceklerini sezerek, hikayelerini ona g\u00f6re kurguluyordu.<\/p>\n<p>Y\u0131llar b\u00f6yle geldi ge\u00e7ti. Po\u015fetli dede Konya \u015fehrinin en tan\u0131nm\u0131\u015f fig\u00fcr\u00fc olmu\u015ftu. Po\u015fetli dedeyi hi\u00e7 g\u00f6rmemi\u015f kimsenin kalmad\u0131\u011f\u0131 art\u0131k kesinle\u015fti. Y\u0131l 2014 oldu, Po\u015fetli dede iyice ya\u015fland\u0131. Yaz bitti, hava so\u011fumaya ba\u015flad\u0131. Hava so\u011fuduk\u00e7a so\u011fudu. Po\u015fetli dedenin de eski tad\u0131 kalmad\u0131. Art\u0131k \u00e7ar\u015f\u0131 da pazarda \u00e7ok g\u00f6r\u00fcnmez oldu. Po\u015fetli dede, sanki art\u0131k s\u0131k\u0131lm\u0131\u015ft\u0131, s\u0131\u011f\u0131nm\u0131\u015ft\u0131, sinmi\u015fti.<\/p>\n<p>Po\u015fetli dedeyi son g\u00f6rd\u00fc\u011f\u00fcmde, Konya \u015fehirleraras\u0131 otob\u00fcs gar\u0131nda ya\u015famaya ba\u015flam\u0131\u015ft\u0131. Dede adeta ahirete kalkan otob\u00fcs\u00fcn\u00fc bekliyordu.<\/p>\n<p>2014 y\u0131l\u0131n\u0131n bir so\u011fuk gecesinde, Po\u015fetli dede, gece karanl\u0131\u011f\u0131nda bir \u015fehirleraras\u0131 otob\u00fcs\u00fcn\u00fcn gardan kalk\u0131\u015f manevras\u0131 s\u0131ras\u0131nda otob\u00fcs\u00fcn alt\u0131nda kalarak, ahirete intikal etti.<\/p>\n<p>Po\u015fetli dede vefat etti\u011finde, kente a\u011f\u0131r bir elem \u00e7\u00f6kt\u00fc. O ana kadar herkesin tan\u0131d\u0131\u011f\u0131 ama kimsenin dikkatini \u00e7ekmeyen dedeye kentlilerin asl\u0131nda ne kadar ba\u011fland\u0131\u011f\u0131 Dede\u2019nin vefat\u0131yla ortaya \u00e7\u0131kt\u0131. Herkes \u00fcz\u00fclm\u00fc\u015ft\u00fc. Kap\u0131 cami esnaf\u0131 yetim kalm\u0131\u015ft\u0131. Art\u0131k sadaka verecek bir po\u015fetli dede yoktu.<\/p>\n<p>Dedenin ard\u0131ndan gazete man\u015fetleri \u00e7\u0131kt\u0131. Po\u015fetli dedenin banka hesab\u0131ndan yakla\u015f\u0131k olarak 1,5 milyon TL \u00e7\u0131km\u0131\u015ft\u0131. Kimileri onu gizli zengin ilan etti, kimileri onu vatan haini ilan etti.<\/p>\n<p>Po\u015fetli dedenin bankada paras\u0131n\u0131n \u00e7\u0131kmas\u0131n\u0131n ard\u0131ndan bu paran\u0131n ne olaca\u011f\u0131 ile ilgili bir tart\u0131\u015fma \u00e7\u0131kt\u0131. Kimisi devlete kal\u0131r dedi, kimisi esnafa da\u011f\u0131t\u0131lmal\u0131d\u0131r dedi, kimisi Mevlana T\u00fcrbesine ba\u011f\u0131\u015flans\u0131n dedi. Ta ki, kimsesiz Po\u015fetli dedenin, \u00c7orum\u2019dan akrabalar\u0131 \u00e7\u0131k\u0131p gelene kadar\u2026 O g\u00fcne kadar arayan\u0131 soran\u0131 olmayan po\u015fetli dedenin miras\u00e7\u0131lar\u0131 \u00e7\u0131kt\u0131 geldi. Po\u015fetli dede olarak bilinen zat\u0131n isminin Mehmet Kele\u015f oldu\u011fu, \u00c7orum n\u00fcfusuna kay\u0131tl\u0131 oldu\u011fu \u00f6\u011frenildi. Cenazesi \u00c7orum\u2019da defnedildi. Allah rahmet eylesin.<\/p>\n<p>Po\u015fetli dedenin ya\u015fam\u0131n\u0131n ard\u0131ndan bir dram \u00e7\u0131kt\u0131. Anlat\u0131lana g\u00f6re, po\u015fetli dede birkez evlenmi\u015fti. E\u015fi vefat etmi\u015fti. \u0130kinci kez evlendi\u011finde tekrar e\u015fi vefat edince dede sokaklara d\u00fc\u015ft\u00fc. Bir daha da toplumdan insanlardan ka\u00e7ar oldu.<\/p>\n<p>Bana g\u00f6re Po\u015fetli dede tam bir ermi\u015fti. O terk makam\u0131nda bir \u00e7orba bir h\u0131rka ile ya\u015fayan bir ki\u015fiydi. Bana g\u00f6re banka hesab\u0131ndan ne kadar fazla para \u00e7\u0131ksa da, bu onun ermi\u015fli\u011fine mani de\u011fildi. \u00c7\u00fcnk\u00fc hangimiz, banka hesab\u0131m\u0131zda bu kadar para olmas\u0131na ra\u011fmen harams\u0131z, g\u00fcnahs\u0131z b\u00f6yle bir hayat\u0131 tercih ederdik ki?<\/p>\n<p>Po\u015fetli dede asl\u0131nda bir aynayd\u0131, herkes onda kendini g\u00f6r\u00fcyordu. O y\u00fczden ona deli de diyen vard\u0131, evliya da diyen vard\u0131. K\u00f6ftehor da diyen vard\u0131, zavall\u0131n\u0131n tekiydi diyen ac\u0131yan da vard\u0131. Kim ne derse desin g\u00f6receli olmayan tek \u015fey vard\u0131, o da bu karakterin t\u00fcm Konyal\u0131lar\u0131n benli\u011finde keskin belirgin bir imge edindi\u011fiydi.<\/p>\n<p>Son olarak, Po\u015fetli dedenin Sun TV\u2019ye verdi\u011fi r\u00f6portajlardan \u015fu c\u00fcmleler akl\u0131mda kald\u0131:<\/p>\n<p><em>&#8230;Konya\u2019ya \u00e7ok hizmetim var. Konya bana dua etsin\u2026<\/em><\/p>\n<p><em>&#8230;Kald\u0131r\u0131mlar\u0131 \u00e7ok i\u015fgal ediyorum. Kald\u0131r\u0131m vergisi \u00f6deyece\u011fim&#8230;<\/em><\/p>\n<p>Sen Konya\u2019ya \u00e7ok \u015fey katt\u0131n, bize \u00e7ok \u015fey \u00f6\u011frettin, po\u015fetli dede. Allah sana Rahmet Eylesin.<\/p>\n<p><a href=\"http:\/\/www.ibrahimaybek.com\/wp-content\/uploads\/2017\/09\/55ea9ba1f018fbb8f88b1624.jpg\"><img loading=\"lazy\" decoding=\"async\" class=\"alignnone size-full wp-image-666\" src=\"http:\/\/www.ibrahimaybek.com\/wp-content\/uploads\/2017\/09\/55ea9ba1f018fbb8f88b1624.jpg\" alt=\"55ea9ba1f018fbb8f88b1624\" width=\"590\" height=\"332\" srcset=\"https:\/\/www.ibrahimaybek.com\/wp-content\/uploads\/2017\/09\/55ea9ba1f018fbb8f88b1624.jpg 590w, https:\/\/www.ibrahimaybek.com\/wp-content\/uploads\/2017\/09\/55ea9ba1f018fbb8f88b1624-300x169.jpg 300w\" sizes=\"auto, (max-width: 590px) 100vw, 590px\" \/><\/a><\/p>\n","protected":false},"excerpt":{"rendered":"<p>&nbsp; Po\u015fetli Dede Do\u011fup b\u00fcy\u00fcd\u00fc\u011f\u00fcm Konya\u2019da so\u011fuk k\u0131\u015f sabahlar\u0131nda, okula gitmek i\u00e7in tramvay bekledi\u011fim durakta elinde baston, belki de asa demek daha do\u011fru ya\u015fl\u0131 bir dede olurdu. Kimisi deli derdi, kimisi veli derdi. Kimisi atom m\u00fchendisi&#46;&#46;&#46;<\/p>\n","protected":false},"author":1,"featured_media":664,"comment_status":"closed","ping_status":"open","sticky":false,"template":"","format":"image","meta":{"footnotes":""},"categories":[10],"tags":[79,82,80,81,78],"class_list":["post-663","post","type-post","status-publish","format-image","has-post-thumbnail","hentry","category-kultur","tag-dede","tag-keles","tag-konya","tag-mehmet","tag-posetli","post_format-post-format-image"],"_links":{"self":[{"href":"https:\/\/www.ibrahimaybek.com\/index.php\/wp-json\/wp\/v2\/posts\/663","targetHints":{"allow":["GET"]}}],"collection":[{"href":"https:\/\/www.ibrahimaybek.com\/index.php\/wp-json\/wp\/v2\/posts"}],"about":[{"href":"https:\/\/www.ibrahimaybek.com\/index.php\/wp-json\/wp\/v2\/types\/post"}],"author":[{"embeddable":true,"href":"https:\/\/www.ibrahimaybek.com\/index.php\/wp-json\/wp\/v2\/users\/1"}],"replies":[{"embeddable":true,"href":"https:\/\/www.ibrahimaybek.com\/index.php\/wp-json\/wp\/v2\/comments?post=663"}],"version-history":[{"count":8,"href":"https:\/\/www.ibrahimaybek.com\/index.php\/wp-json\/wp\/v2\/posts\/663\/revisions"}],"predecessor-version":[{"id":674,"href":"https:\/\/www.ibrahimaybek.com\/index.php\/wp-json\/wp\/v2\/posts\/663\/revisions\/674"}],"wp:featuredmedia":[{"embeddable":true,"href":"https:\/\/www.ibrahimaybek.com\/index.php\/wp-json\/wp\/v2\/media\/664"}],"wp:attachment":[{"href":"https:\/\/www.ibrahimaybek.com\/index.php\/wp-json\/wp\/v2\/media?parent=663"}],"wp:term":[{"taxonomy":"category","embeddable":true,"href":"https:\/\/www.ibrahimaybek.com\/index.php\/wp-json\/wp\/v2\/categories?post=663"},{"taxonomy":"post_tag","embeddable":true,"href":"https:\/\/www.ibrahimaybek.com\/index.php\/wp-json\/wp\/v2\/tags?post=663"}],"curies":[{"name":"wp","href":"https:\/\/api.w.org\/{rel}","templated":true}]}}