{"id":533,"date":"2016-12-09T14:28:54","date_gmt":"2016-12-09T12:28:54","guid":{"rendered":"http:\/\/www.ibrahimaybek.com\/?p=533"},"modified":"2017-09-21T17:49:11","modified_gmt":"2017-09-21T14:49:11","slug":"geleneksel-turk-mimarisinde-kemerler","status":"publish","type":"post","link":"http:\/\/www.ibrahimaybek.com\/index.php\/2016\/12\/09\/geleneksel-turk-mimarisinde-kemerler\/","title":{"rendered":"Geleneksel T\u00fcrk Mimarisinde Kemerlerin \u00e7izimi"},"content":{"rendered":"<hr \/>\n<p>T\u00fcrkiye\u2019de 2000\u2019li y\u0131llar sonras\u0131, Osmanl\u0131 Mimarisine ve Sel\u00e7uklu mimarisine \u00f6yk\u00fcnen yap\u0131larda art\u0131\u015f g\u00f6r\u00fcld\u00fc. Bu tarzda yap\u0131lan yap\u0131lar\u0131 sevmi\u015f de olabiliriz sevmemi\u015f de. Ancak herkesin mutab\u0131k oldu\u011fu bir konu var ise, o da kimi yap\u0131larda, T\u00fcrk mimarisinin ihti\u015fam\u0131, esteti\u011fi, bi\u00e7imsel zevki yans\u0131t\u0131lmaya \u00e7al\u0131\u015f\u0131l\u0131rken, do\u011fru oran ve \u00f6l\u00e7\u00fclerin kullan\u0131lmamas\u0131 sonucu ortaya komik, ya da ne \u00fcd\u00fc\u011f\u00fc belirsiz tarzlar\u0131n \u00e7\u0131k\u0131yor oldu\u011fu\u00a0ger\u00e7e\u011fidir.<\/p>\n<p>\u0130cad\u0131 M.\u00d6. 2binli y\u0131llara kadar uzanan kemerlerin yayg\u0131n olarak kullan\u0131m\u0131 Roma imparatorlu\u011fu d\u00f6neminde olmu\u015ftur. Sonralar\u0131 bir\u00e7ok medeniyet, kendine has \u00fcsluplar\u0131yla kemerleri geli\u015ftirmi\u015f, s\u00fcslemi\u015f ve yorumlam\u0131\u015flard\u0131r.<\/p>\n<p>Kemerler T\u00fcrk mimarisinin de olmazsa olmaz \u00f6\u011felerindendir. Orta Asya&#8217;dan Anadolu&#8217;ya g\u00f6\u00e7 eden T\u00fcrkler, tu\u011flalarla yapt\u0131klar\u0131 kemerleri sonralar\u0131 Osmanl\u0131 mimarisinde ta\u015fa yans\u0131tm\u0131\u015f ve kendine has \u00f6l\u00e7\u00fc ve oranlara ta\u015f\u0131m\u0131\u015flard\u0131r.<\/p>\n<p>Gel gelelim g\u00fcn\u00fcm\u00fczde, gerek tasar\u0131m a\u015famas\u0131nda gerekse, uygulama a\u015famas\u0131nda, T\u00fcrk kemeri olarak nitelendirdi\u011fimiz kemer formlar\u0131n\u0131 yans\u0131tabilen mimar, usta say\u0131s\u0131 \u00e7ok fazla de\u011fildir. \u00a0Kimisi, do\u011fru sonucu bilse de do\u011fru sonuca giderken y\u00f6ntemsel hata yapar, daha \u00f6zensizce yap\u0131lan yap\u0131larda ise, ne i\u015fin sahibinin ne tasarlay\u0131c\u0131s\u0131n\u0131n ne de uygulay\u0131c\u0131s\u0131n\u0131n T\u00fcrk kemerinin ne oldu\u011fu ya da ne olmad\u0131\u011f\u0131 hakk\u0131nda bir malumat\u0131\u00a0olmad\u0131\u011f\u0131 halde, &#8220;T\u00fcrk mimarisi yeniden hayat buluyor&#8221; spotlar\u0131yla garip binalar\u0131n y\u00fckseldi\u011fi g\u00f6r\u00fcl\u00fcr.<\/p>\n<p>Bu konunun karma\u015f\u0131kl\u0131\u011f\u0131 ile ilgili \u015funu da bilmek gerekir ki, Sel\u00e7uklu ve erken Osmanl\u0131 d\u00f6neminde \u0130ran tarz\u0131na \u00f6zenen, son d\u00f6nem Osmanl\u0131 d\u00f6neminde, Bat\u0131\u2019n\u0131n Barok tarz\u0131na \u00f6zenmenin \u00f6tesinde, Osmanl\u0131 Baro\u011fu denen bir \u00fcslubu ortaya koyan i\u00e7 i\u00e7e ge\u00e7i\u015fmeler de vard\u0131r.<\/p>\n<div id=\"attachment_534\" style=\"width: 295px\" class=\"wp-caption alignnone\"><a href=\"http:\/\/www.ibrahimaybek.com\/wp-content\/uploads\/2016\/12\/kkk.jpg\"><img loading=\"lazy\" decoding=\"async\" aria-describedby=\"caption-attachment-534\" class=\"wp-image-534 size-medium\" src=\"http:\/\/www.ibrahimaybek.com\/wp-content\/uploads\/2016\/12\/kkk-285x300.jpg\" alt=\"kkk\" width=\"285\" height=\"300\" srcset=\"http:\/\/www.ibrahimaybek.com\/wp-content\/uploads\/2016\/12\/kkk-285x300.jpg 285w, http:\/\/www.ibrahimaybek.com\/wp-content\/uploads\/2016\/12\/kkk.jpg 399w\" sizes=\"auto, (max-width: 285px) 100vw, 285px\" \/><\/a><p id=\"caption-attachment-534\" class=\"wp-caption-text\">Resim: Ta\u00e7 kap\u0131lara \u00f6yk\u00fcnen ama kemeri Gotik kemer\u00a0\u00f6l\u00e7\u00fclerinde yap\u0131lm\u0131\u015f bir uygulama.<\/p><\/div>\n<div id=\"attachment_564\" style=\"width: 310px\" class=\"wp-caption alignnone\"><a href=\"http:\/\/www.ibrahimaybek.com\/wp-content\/uploads\/2016\/12\/okul.jpg\"><img loading=\"lazy\" decoding=\"async\" aria-describedby=\"caption-attachment-564\" class=\"wp-image-564 size-medium\" src=\"http:\/\/www.ibrahimaybek.com\/wp-content\/uploads\/2016\/12\/okul-300x186.jpg\" alt=\"okul\" width=\"300\" height=\"186\" srcset=\"http:\/\/www.ibrahimaybek.com\/wp-content\/uploads\/2016\/12\/okul-300x186.jpg 300w, http:\/\/www.ibrahimaybek.com\/wp-content\/uploads\/2016\/12\/okul-768x475.jpg 768w, http:\/\/www.ibrahimaybek.com\/wp-content\/uploads\/2016\/12\/okul-1024x633.jpg 1024w, http:\/\/www.ibrahimaybek.com\/wp-content\/uploads\/2016\/12\/okul.jpg 1064w\" sizes=\"auto, (max-width: 300px) 100vw, 300px\" \/><\/a><p id=\"caption-attachment-564\" class=\"wp-caption-text\">Gotik kemer \u00f6l\u00e7\u00fcleri uygulanm\u0131\u015f bir okul projesi<\/p><\/div>\n<div id=\"attachment_569\" style=\"width: 293px\" class=\"wp-caption alignnone\"><a href=\"http:\/\/www.ibrahimaybek.com\/wp-content\/uploads\/2016\/12\/wwey.jpg\"><img loading=\"lazy\" decoding=\"async\" aria-describedby=\"caption-attachment-569\" class=\"wp-image-569 size-medium\" src=\"http:\/\/www.ibrahimaybek.com\/wp-content\/uploads\/2016\/12\/wwey-283x300.jpg\" alt=\"wwey\" width=\"283\" height=\"300\" srcset=\"http:\/\/www.ibrahimaybek.com\/wp-content\/uploads\/2016\/12\/wwey-283x300.jpg 283w, http:\/\/www.ibrahimaybek.com\/wp-content\/uploads\/2016\/12\/wwey-768x815.jpg 768w, http:\/\/www.ibrahimaybek.com\/wp-content\/uploads\/2016\/12\/wwey-965x1024.jpg 965w, http:\/\/www.ibrahimaybek.com\/wp-content\/uploads\/2016\/12\/wwey.jpg 2000w\" sizes=\"auto, (max-width: 283px) 100vw, 283px\" \/><\/a><p id=\"caption-attachment-569\" class=\"wp-caption-text\">Tasar\u0131m a\u015famas\u0131nda Osmanl\u0131 mimarisinde kullan\u0131lan Penci kemer \u00f6l\u00e7\u00fclerinde, do\u011fru \u00e7izilen ancak uygulamada yap\u0131lamayan orta kemer. (Ankara- Necip Faz\u0131l K\u00fclt\u00fcr Merkezi)<\/p><\/div>\n<p>Bu konuda g\u00fcn\u00fcm\u00fcz mimarlar\u0131nda ki kafa kar\u0131\u015f\u0131kl\u0131\u011f\u0131n\u0131 gidermek i\u00e7in, t\u00fcmden gelim yaparak, \u00f6nce T\u00fcrk kemeri <span style=\"text-decoration: underline;\">ne de\u011fildir<\/span> sorusuna cevab\u0131n\u0131 aramak gerekir. Sonras\u0131nda ise, T\u00fcrk kemerinin ne oldu\u011funu anlamak daha kolay olacakt\u0131r.<\/p>\n<div id=\"attachment_535\" style=\"width: 310px\" class=\"wp-caption alignnone\"><img loading=\"lazy\" decoding=\"async\" aria-describedby=\"caption-attachment-535\" class=\"wp-image-535 size-medium\" src=\"http:\/\/www.ibrahimaybek.com\/wp-content\/uploads\/2016\/12\/roma_kemeri-300x220.jpg\" alt=\"roma_kemeri\" width=\"300\" height=\"220\" srcset=\"http:\/\/www.ibrahimaybek.com\/wp-content\/uploads\/2016\/12\/roma_kemeri-300x220.jpg 300w, http:\/\/www.ibrahimaybek.com\/wp-content\/uploads\/2016\/12\/roma_kemeri-768x563.jpg 768w, http:\/\/www.ibrahimaybek.com\/wp-content\/uploads\/2016\/12\/roma_kemeri.jpg 1024w\" sizes=\"auto, (max-width: 300px) 100vw, 300px\" \/><p id=\"caption-attachment-535\" class=\"wp-caption-text\"><span style=\"color: #000000;\">Roma kemeri Kemer tam yar\u0131m daire \u015feklindedir, kimi zaman ortas\u0131ndaki kilit ta\u015f\u0131 kabar\u0131k \u015fekilde yap\u0131l\u0131r, d\u00fcz uygulamalar\u0131 da vard\u0131r. (Roma)<\/span><\/p><\/div>\n<div id=\"attachment_536\" style=\"width: 236px\" class=\"wp-caption alignnone\"><img loading=\"lazy\" decoding=\"async\" aria-describedby=\"caption-attachment-536\" class=\"wp-image-536 size-medium\" src=\"http:\/\/www.ibrahimaybek.com\/wp-content\/uploads\/2016\/12\/romanesquearchitecture-226x300.jpg\" alt=\"romanesquearchitecture\" width=\"226\" height=\"300\" srcset=\"http:\/\/www.ibrahimaybek.com\/wp-content\/uploads\/2016\/12\/romanesquearchitecture-226x300.jpg 226w, http:\/\/www.ibrahimaybek.com\/wp-content\/uploads\/2016\/12\/romanesquearchitecture.jpg 451w\" sizes=\"auto, (max-width: 226px) 100vw, 226px\" \/><p id=\"caption-attachment-536\" class=\"wp-caption-text\"><span style=\"color: #000000;\">Romanesk Kemer- \u00a0Kemer yar\u0131m daire \u015feklindedir ve s\u0131kl\u0131kla i\u00e7 i\u00e7e ge\u00e7mi\u015f \u015fekilde kullan\u0131l\u0131r. Kemerlerin oturdu\u011fu yerlerde, yalanc\u0131 kolonlar bulunabilir.<\/span><\/p><\/div>\n<div id=\"attachment_537\" style=\"width: 247px\" class=\"wp-caption alignnone\"><img loading=\"lazy\" decoding=\"async\" aria-describedby=\"caption-attachment-537\" class=\"wp-image-537 size-medium\" src=\"http:\/\/www.ibrahimaybek.com\/wp-content\/uploads\/2016\/12\/indianarc-237x300.jpg\" alt=\"indianarc\" width=\"237\" height=\"300\" srcset=\"http:\/\/www.ibrahimaybek.com\/wp-content\/uploads\/2016\/12\/indianarc-237x300.jpg 237w, http:\/\/www.ibrahimaybek.com\/wp-content\/uploads\/2016\/12\/indianarc.jpg 600w\" sizes=\"auto, (max-width: 237px) 100vw, 237px\" \/><p id=\"caption-attachment-537\" class=\"wp-caption-text\"><span style=\"color: #000000;\">Hint Kemeri Kemer olduk\u00e7a girintili \u00e7\u0131k\u0131nt\u0131l\u0131d\u0131r. Hintliler, edebiyatta, sinemada, m\u00fczikte oldu\u011fu gibi mimaride de sadelikten olduk\u00e7a ka\u00e7\u0131n\u0131rlar. B\u00fct\u00fcn\u00fcn i\u00e7inde, Fraktal gibi, ba\u015fl\u0131klar halinde daha derin detaylar eklerler. Hint kemerlerinin en belirgin \u00f6zellikleri bu a\u015f\u0131r\u0131ya ka\u00e7m\u0131\u015f hareketlerdir. Arap Kemerleriyle benze\u015firler.<\/span><\/p><\/div>\n<p>&nbsp;<\/p>\n<div id=\"attachment_538\" style=\"width: 310px\" class=\"wp-caption alignnone\"><img loading=\"lazy\" decoding=\"async\" aria-describedby=\"caption-attachment-538\" class=\"wp-image-538 size-medium\" src=\"http:\/\/www.ibrahimaybek.com\/wp-content\/uploads\/2016\/12\/persian-arch-isfahan-300x225.jpg\" alt=\"persian-arch-isfahan\" width=\"300\" height=\"225\" srcset=\"http:\/\/www.ibrahimaybek.com\/wp-content\/uploads\/2016\/12\/persian-arch-isfahan-300x225.jpg 300w, http:\/\/www.ibrahimaybek.com\/wp-content\/uploads\/2016\/12\/persian-arch-isfahan-768x576.jpg 768w, http:\/\/www.ibrahimaybek.com\/wp-content\/uploads\/2016\/12\/persian-arch-isfahan.jpg 1024w\" sizes=\"auto, (max-width: 300px) 100vw, 300px\" \/><p id=\"caption-attachment-538\" class=\"wp-caption-text\"><span style=\"color: #000000;\">\u0130ran Kemeri \u0130ran kemerleri T\u00fcrk kemerlerine en \u00e7ok benzeyen kemerlerdir. \u00d6zellikle Sel\u00e7uklu d\u00f6nemine ait eserlerde g\u00f6r\u00fclen kemerler, \u0130ran tarz\u0131na olduk\u00e7a benzemektedir. Ancak, iran kemerlerinin \u00fcst k\u0131sm\u0131 daha sivridir ve kemer daha bas\u0131kt\u0131r. (\u0130sfahan)<\/span><\/p><\/div>\n<div id=\"attachment_540\" style=\"width: 310px\" class=\"wp-caption alignnone\"><img loading=\"lazy\" decoding=\"async\" aria-describedby=\"caption-attachment-540\" class=\"wp-image-540 size-medium\" src=\"http:\/\/www.ibrahimaybek.com\/wp-content\/uploads\/2016\/12\/moorish-arch-300x200.jpg\" alt=\"moorish-arch\" width=\"300\" height=\"200\" srcset=\"http:\/\/www.ibrahimaybek.com\/wp-content\/uploads\/2016\/12\/moorish-arch-300x200.jpg 300w, http:\/\/www.ibrahimaybek.com\/wp-content\/uploads\/2016\/12\/moorish-arch-768x512.jpg 768w, http:\/\/www.ibrahimaybek.com\/wp-content\/uploads\/2016\/12\/moorish-arch-1024x682.jpg 1024w, http:\/\/www.ibrahimaybek.com\/wp-content\/uploads\/2016\/12\/moorish-arch.jpg 1300w\" sizes=\"auto, (max-width: 300px) 100vw, 300px\" \/><p id=\"caption-attachment-540\" class=\"wp-caption-text\"><span style=\"color: #000000;\">At nal\u0131 Kemer\/ Arap Kemeri Kemer yar\u0131m daireden daha geni\u015f a\u00e7\u0131l\u0131d\u0131r. Kuzey Afrika ve End\u00fcl\u00fcs Emevi eserlerinde g\u00f6r\u00fcl\u00fcr. (Cordoba Cami\/\u0130spanya)<\/span><\/p><\/div>\n<div id=\"attachment_542\" style=\"width: 310px\" class=\"wp-caption alignnone\"><img loading=\"lazy\" decoding=\"async\" aria-describedby=\"caption-attachment-542\" class=\"wp-image-542 size-medium\" src=\"http:\/\/www.ibrahimaybek.com\/wp-content\/uploads\/2016\/12\/palacio-aljaferia-300x225.jpg\" alt=\"palacio-aljaferia\" width=\"300\" height=\"225\" srcset=\"http:\/\/www.ibrahimaybek.com\/wp-content\/uploads\/2016\/12\/palacio-aljaferia-300x225.jpg 300w, http:\/\/www.ibrahimaybek.com\/wp-content\/uploads\/2016\/12\/palacio-aljaferia-768x576.jpg 768w, http:\/\/www.ibrahimaybek.com\/wp-content\/uploads\/2016\/12\/palacio-aljaferia-1024x768.jpg 1024w\" sizes=\"auto, (max-width: 300px) 100vw, 300px\" \/><p id=\"caption-attachment-542\" class=\"wp-caption-text\"><span style=\"color: #000000;\">End\u00fcl\u00fcs Emevi kemeri (El Caferiye Saray\u0131- Zaragoza)<\/span><\/p><\/div>\n<div id=\"attachment_544\" style=\"width: 310px\" class=\"wp-caption alignleft\"><img loading=\"lazy\" decoding=\"async\" aria-describedby=\"caption-attachment-544\" class=\"wp-image-544 size-medium\" src=\"http:\/\/www.ibrahimaybek.com\/wp-content\/uploads\/2016\/12\/gottic-300x231.jpg\" alt=\"gottic\" width=\"300\" height=\"231\" srcset=\"http:\/\/www.ibrahimaybek.com\/wp-content\/uploads\/2016\/12\/gottic-300x231.jpg 300w, http:\/\/www.ibrahimaybek.com\/wp-content\/uploads\/2016\/12\/gottic-768x591.jpg 768w, http:\/\/www.ibrahimaybek.com\/wp-content\/uploads\/2016\/12\/gottic-1024x788.jpg 1024w, http:\/\/www.ibrahimaybek.com\/wp-content\/uploads\/2016\/12\/gottic.jpg 1979w\" sizes=\"auto, (max-width: 300px) 100vw, 300px\" \/><p id=\"caption-attachment-544\" class=\"wp-caption-text\"><span style=\"color: #000000;\">Gotik kemer Gotik kemer de en \u00e7ok T\u00fcrk kemeri ile kar\u0131\u015ft\u0131r\u0131lan kemerlerden biridir. Nedeni ise, \u00e7izim \u015feklidir. T\u00fcrk kemerine g\u00f6re daha uzun ve daha sivri bir kemerdir. \u0130\u00e7 i\u00e7e ge\u00e7erek kullan\u0131ld\u0131\u011f\u0131 uygulamalar\u0131 vard\u0131r.<\/span><\/p><\/div>\n<div id=\"attachment_545\" style=\"width: 280px\" class=\"wp-caption alignnone\"><img loading=\"lazy\" decoding=\"async\" aria-describedby=\"caption-attachment-545\" class=\"wp-image-545 size-medium\" src=\"http:\/\/www.ibrahimaybek.com\/wp-content\/uploads\/2016\/12\/chinese-arch-270x300.jpg\" alt=\"chinese-arch\" width=\"270\" height=\"300\" srcset=\"http:\/\/www.ibrahimaybek.com\/wp-content\/uploads\/2016\/12\/chinese-arch-270x300.jpg 270w, http:\/\/www.ibrahimaybek.com\/wp-content\/uploads\/2016\/12\/chinese-arch-768x853.jpg 768w, http:\/\/www.ibrahimaybek.com\/wp-content\/uploads\/2016\/12\/chinese-arch-922x1024.jpg 922w\" sizes=\"auto, (max-width: 270px) 100vw, 270px\" \/><p id=\"caption-attachment-545\" class=\"wp-caption-text\"><span style=\"color: #000000;\">Geleneksel \u00c7in Peyzaj mimarisinde bir kemerli kap\u0131 \u00f6rne\u011fi.<\/span><\/p><\/div>\n<p>Bu \u00f6rnekler, r\u00f6nesans, barok, Art\u00a0Noueavu ve ba\u015fka ak\u0131mlarla \u00e7e\u015fitlendirilebilir.<\/p>\n<p>\u015eimdi geleneksel T\u00fcrk mimarisinde kullan\u0131lan \u00f6rneklere bakal\u0131m:<\/p>\n<p>&nbsp;<\/p>\n<div id=\"attachment_546\" style=\"width: 310px\" class=\"wp-caption alignnone\"><img loading=\"lazy\" decoding=\"async\" aria-describedby=\"caption-attachment-546\" class=\"wp-image-546 size-medium\" src=\"http:\/\/www.ibrahimaybek.com\/wp-content\/uploads\/2016\/12\/edirne-27-300x200.jpg\" alt=\"edirne-27\" width=\"300\" height=\"200\" srcset=\"http:\/\/www.ibrahimaybek.com\/wp-content\/uploads\/2016\/12\/edirne-27-300x200.jpg 300w, http:\/\/www.ibrahimaybek.com\/wp-content\/uploads\/2016\/12\/edirne-27-768x512.jpg 768w, http:\/\/www.ibrahimaybek.com\/wp-content\/uploads\/2016\/12\/edirne-27.jpg 800w\" sizes=\"auto, (max-width: 300px) 100vw, 300px\" \/><p id=\"caption-attachment-546\" class=\"wp-caption-text\"><span style=\"color: #000000;\">Mimar Sinan D\u00f6nemi- Penci Kemerler (K\u00fc\u00e7\u00fck olan Tek Merkezli Te\u011fet Kemer) (Edirne Selimiye Camii)<\/span><\/p><\/div>\n<div id=\"attachment_547\" style=\"width: 310px\" class=\"wp-caption alignnone\"><img loading=\"lazy\" decoding=\"async\" aria-describedby=\"caption-attachment-547\" class=\"wp-image-547 size-medium\" src=\"http:\/\/www.ibrahimaybek.com\/wp-content\/uploads\/2016\/12\/sircali-medrese-300x225.jpg\" alt=\"sircali-medrese\" width=\"300\" height=\"225\" srcset=\"http:\/\/www.ibrahimaybek.com\/wp-content\/uploads\/2016\/12\/sircali-medrese-300x225.jpg 300w, http:\/\/www.ibrahimaybek.com\/wp-content\/uploads\/2016\/12\/sircali-medrese.jpg 680w\" sizes=\"auto, (max-width: 300px) 100vw, 300px\" \/><p id=\"caption-attachment-547\" class=\"wp-caption-text\"><span style=\"color: #000000;\">Anadolu Sel\u00e7uklu D\u00f6nemi Tu\u011fla ile yap\u0131lm\u0131\u015f \u00c7ift Merkezli Te\u011fet Kemerler\u00a0(S\u0131r\u00e7al\u0131 Merdrese Konya)<\/span><\/p><\/div>\n<div id=\"attachment_548\" style=\"width: 235px\" class=\"wp-caption alignnone\"><img loading=\"lazy\" decoding=\"async\" aria-describedby=\"caption-attachment-548\" class=\"wp-image-548 size-medium\" src=\"http:\/\/www.ibrahimaybek.com\/wp-content\/uploads\/2016\/12\/sahibi-ata-konya-225x300.jpg\" alt=\"sahibi-ata-konya\" width=\"225\" height=\"300\" srcset=\"http:\/\/www.ibrahimaybek.com\/wp-content\/uploads\/2016\/12\/sahibi-ata-konya-225x300.jpg 225w, http:\/\/www.ibrahimaybek.com\/wp-content\/uploads\/2016\/12\/sahibi-ata-konya-768x1024.jpg 768w, http:\/\/www.ibrahimaybek.com\/wp-content\/uploads\/2016\/12\/sahibi-ata-konya.jpg 900w\" sizes=\"auto, (max-width: 225px) 100vw, 225px\" \/><p id=\"caption-attachment-548\" class=\"wp-caption-text\"><span style=\"color: #000000;\">Sel\u00e7uklu D\u00f6nemi- \u00c7ift Merkezli te\u011fet kemerler (Sahibi Ata K\u00fclliyesi Konya)<\/span><\/p><\/div>\n<div id=\"attachment_550\" style=\"width: 207px\" class=\"wp-caption alignnone\"><img loading=\"lazy\" decoding=\"async\" aria-describedby=\"caption-attachment-550\" class=\"wp-image-550 size-medium\" src=\"http:\/\/www.ibrahimaybek.com\/wp-content\/uploads\/2016\/12\/topkap4_20101217-197x300.jpg\" alt=\"SONY DSC\" width=\"197\" height=\"300\" srcset=\"http:\/\/www.ibrahimaybek.com\/wp-content\/uploads\/2016\/12\/topkap4_20101217-197x300.jpg 197w, http:\/\/www.ibrahimaybek.com\/wp-content\/uploads\/2016\/12\/topkap4_20101217.jpg 384w\" sizes=\"auto, (max-width: 197px) 100vw, 197px\" \/><p id=\"caption-attachment-550\" class=\"wp-caption-text\"><span style=\"color: #000000;\">Bas\u0131k Kemer. Genellikle kap\u0131larda kullan\u0131l\u0131r. (Topkap\u0131 Saray\u0131 \u0130stanbul)<\/span><\/p><\/div>\n<p>Bu g\u00f6rd\u00fc\u011f\u00fcm\u00fcz Kemerlerin do\u011fru \u00e7izimleri\u00a0resimde anlat\u0131ld\u0131\u011f\u0131 \u015fekilde yap\u0131l\u0131r. Bu form, kaba yap\u0131n\u0131n de\u011fil, ince yap\u0131n\u0131n formu olaca\u011f\u0131ndan, bu cephe \u00fczerine herhangi bir kaplama yap\u0131lacaksa, kaplaman\u0131n gelmesinden sonra kalacak form iyi hesaplanmal\u0131d\u0131r. Gerekli e\u011friselli\u011fin verilmesi zor olaca\u011f\u0131ndan, en \u00fcstte kaplama yerine, kal\u0131pla d\u00f6k\u00fclebilen formlar ya da, kemerlerin orjinal ta\u015f dizilimini takip eden ta\u015f dizimleri ile do\u011fal ta\u015f kaplama yap\u0131lmal\u0131d\u0131r. Aksi halde kemer formu bozulacakt\u0131r.<\/p>\n<p>Yap\u0131lar\u0131n\u0131zda Geleneksel T\u00fcrk mimarisinin unsurlar\u0131n\u0131 kullanmay\u0131 tercih eder misiniz, etmez misiniz bilmem. Ama e\u011fer ilk se\u00e7ene\u011fi se\u00e7erseniz, \u00e7ok hassas oranlarla, ince m\u00fchendislik hesaplar sonucu olu\u015ftururmu\u015f bu bi\u00e7imlerin kopyas\u0131n\u0131 bile yapman\u0131n sand\u0131\u011f\u0131n\u0131z kadar kolay olmad\u0131\u011f\u0131n\u0131 akl\u0131n\u0131zdan \u00e7\u0131karmay\u0131n.<\/p>\n<p>&nbsp;<\/p>\n<div id=\"attachment_551\" style=\"width: 2289px\" class=\"wp-caption alignnone\"><a href=\"http:\/\/www.ibrahimaybek.com\/wp-content\/uploads\/2016\/12\/turkisharchs.jpg\"><img loading=\"lazy\" decoding=\"async\" aria-describedby=\"caption-attachment-551\" class=\"wp-image-551 size-full\" src=\"http:\/\/www.ibrahimaybek.com\/wp-content\/uploads\/2016\/12\/turkisharchs.jpg\" alt=\"Model\" width=\"2279\" height=\"1519\" srcset=\"http:\/\/www.ibrahimaybek.com\/wp-content\/uploads\/2016\/12\/turkisharchs.jpg 2279w, http:\/\/www.ibrahimaybek.com\/wp-content\/uploads\/2016\/12\/turkisharchs-300x200.jpg 300w, http:\/\/www.ibrahimaybek.com\/wp-content\/uploads\/2016\/12\/turkisharchs-768x512.jpg 768w, http:\/\/www.ibrahimaybek.com\/wp-content\/uploads\/2016\/12\/turkisharchs-1024x683.jpg 1024w\" sizes=\"auto, (max-width: 2279px) 100vw, 2279px\" \/><\/a><p id=\"caption-attachment-551\" class=\"wp-caption-text\"><span style=\"color: #000000;\">T\u00fcrk Kemerlerinin Do\u011fru \u00c7izimi Kaynak: Klasik Yap\u0131 Detaylar\u0131- Fatih Uluengin, B\u00fclent Uluengin, Mehmet Beng\u00fc Uluengin\/Yem yay. 6. Bask\u0131 2016<\/span><\/p><\/div>\n","protected":false},"excerpt":{"rendered":"<p>T\u00fcrkiye\u2019de 2000\u2019li y\u0131llar sonras\u0131, Osmanl\u0131 Mimarisine ve Sel\u00e7uklu mimarisine \u00f6yk\u00fcnen yap\u0131larda art\u0131\u015f g\u00f6r\u00fcld\u00fc. Bu tarzda yap\u0131lan yap\u0131lar\u0131 sevmi\u015f de olabiliriz sevmemi\u015f de. Ancak herkesin mutab\u0131k oldu\u011fu bir konu var ise, o da kimi yap\u0131larda, T\u00fcrk mimarisinin&#46;&#46;&#46;<\/p>\n","protected":false},"author":1,"featured_media":549,"comment_status":"open","ping_status":"open","sticky":false,"template":"","format":"standard","meta":{"footnotes":""},"categories":[10],"tags":[41,42,40,44,43,46,45,47],"class_list":["post-533","post","type-post","status-publish","format-standard","has-post-thumbnail","hentry","category-kultur","tag-arch","tag-geleneksel","tag-kemer","tag-mimari","tag-osmanli","tag-ottoman","tag-traditional","tag-turkish"],"_links":{"self":[{"href":"http:\/\/www.ibrahimaybek.com\/index.php\/wp-json\/wp\/v2\/posts\/533","targetHints":{"allow":["GET"]}}],"collection":[{"href":"http:\/\/www.ibrahimaybek.com\/index.php\/wp-json\/wp\/v2\/posts"}],"about":[{"href":"http:\/\/www.ibrahimaybek.com\/index.php\/wp-json\/wp\/v2\/types\/post"}],"author":[{"embeddable":true,"href":"http:\/\/www.ibrahimaybek.com\/index.php\/wp-json\/wp\/v2\/users\/1"}],"replies":[{"embeddable":true,"href":"http:\/\/www.ibrahimaybek.com\/index.php\/wp-json\/wp\/v2\/comments?post=533"}],"version-history":[{"count":19,"href":"http:\/\/www.ibrahimaybek.com\/index.php\/wp-json\/wp\/v2\/posts\/533\/revisions"}],"predecessor-version":[{"id":576,"href":"http:\/\/www.ibrahimaybek.com\/index.php\/wp-json\/wp\/v2\/posts\/533\/revisions\/576"}],"wp:featuredmedia":[{"embeddable":true,"href":"http:\/\/www.ibrahimaybek.com\/index.php\/wp-json\/wp\/v2\/media\/549"}],"wp:attachment":[{"href":"http:\/\/www.ibrahimaybek.com\/index.php\/wp-json\/wp\/v2\/media?parent=533"}],"wp:term":[{"taxonomy":"category","embeddable":true,"href":"http:\/\/www.ibrahimaybek.com\/index.php\/wp-json\/wp\/v2\/categories?post=533"},{"taxonomy":"post_tag","embeddable":true,"href":"http:\/\/www.ibrahimaybek.com\/index.php\/wp-json\/wp\/v2\/tags?post=533"}],"curies":[{"name":"wp","href":"https:\/\/api.w.org\/{rel}","templated":true}]}}