{"id":482,"date":"2016-11-12T18:25:13","date_gmt":"2016-11-12T16:25:13","guid":{"rendered":"http:\/\/www.ibrahimaybek.com\/?p=482"},"modified":"2017-09-21T17:49:37","modified_gmt":"2017-09-21T14:49:37","slug":"tayland-muslumanlarinin-osmanli-sevgisi","status":"publish","type":"post","link":"http:\/\/www.ibrahimaybek.com\/index.php\/2016\/11\/12\/tayland-muslumanlarinin-osmanli-sevgisi\/","title":{"rendered":"Tayland M\u00fcsl\u00fcmanlar\u0131n\u0131n Osmanl\u0131 Sevgisi"},"content":{"rendered":"<p>Osmanl\u0131 Devleti\u2019nin son y\u00fczy\u0131l\u0131na girdi\u011fi, Balkanlar\u2019da \u015fiddetli milliyet\u00e7ilik kas\u0131rgalar\u0131n\u0131n ya\u015fand\u0131\u011f\u0131, Kuzey Afrika ve Hicaz \u00fczerinde Emperyalist hayallerin kuruldu\u011fu sanc\u0131l\u0131 d\u00f6nemde tahta ge\u00e7en Sultan II. Abd\u00fclhamit\u2019i, \u00e7ok parametreli, \u00fcstelik de \u00e7ok yorucu bir satran\u00e7 oyunu beklemekteydi. Ancak t\u00fcm bu olumsuzluklara ra\u011fmen, Sultan imparatorlu\u011fun s\u0131n\u0131rlar\u0131n\u0131 halen 3 k\u0131taya h\u00e2kim bir pozisyonda tutmay\u0131 ba\u015far\u0131rken, bununla da yetinmeyip, \u0130mparatorlu\u011fun s\u0131n\u0131rlar\u0131n\u0131n \u00f6tesine, Meksika\u2019dan, Japonya\u2019ya Tayland&#8217;a, kadar geni\u015f bir co\u011frafyada hilafet makam\u0131n\u0131n ve Osmanl\u0131 \u0130mparatorlu\u011funun sayg\u0131nl\u0131\u011f\u0131n\u0131 artt\u0131rmaya y\u00f6nelik giri\u015fimlerde bulunuyordu. bununla birlikte imparatorluk s\u0131n\u0131rlar\u0131n\u0131n d\u0131\u015f\u0131nda kalan M\u00fcsl\u00fcmanlar\u0131, s\u00f6m\u00fcrgeci g\u00fc\u00e7lerin i\u015fgalinden korumak ve tek bir \u00e7at\u0131 alt\u0131nda tutabilmek i\u00e7in \u0130slamc\u0131 politikalar izlemekteydi. \u0130\u015fte bu ba\u011flamda, Sultan G\u00fcney Do\u011fu Asya\u2019da bulunan Siyam Krall\u0131\u011f\u0131 M\u00fcsl\u00fcmanlar\u0131 ile de temas halindeydi. Bu temas o boyuttayd\u0131 ki, o d\u00f6nemde Tayland topraklar\u0131nda bulunan camilerin kap\u0131lar\u0131nda Osmanl\u0131 devletinin armas\u0131 bulunmaktayd\u0131.<\/p>\n<p>G\u00fcn\u00fcm\u00fczde Tayland\u2019da ya\u015fayan 3 milyonu a\u015fk\u0131n M\u00fcsl\u00fcman bulunmaktad\u0131r. \u00dclkenin \u00e7e\u015fitli yerlerinde 30 binden fazla cami faal durumdad\u0131r. Osmanl\u0131 d\u00f6nemine ait Osmanl\u0131 armalar\u0131n\u0131 camilerde kullanma gelene\u011fi hilafetin kalkmas\u0131 ile kaybolsa da g\u00fcn\u00fcm\u00fczde Bangkok\u2019da bulunan <strong>Bang Uthit Camii&#8217;<\/strong>sinin armas\u0131 hala camide adeta bir \u015feref madalyas\u0131 gibi as\u0131l\u0131 durmaktad\u0131r. 2015 y\u0131l\u0131nda T\u0130KA taraf\u0131ndan restorasyonu yap\u0131lan camiye, bu \u00e7al\u0131\u015fmalar \u00e7er\u00e7evesinde geleneksel Osmanl\u0131 motiflerinin bulundu\u011fu tezyinatlar uygulanm\u0131\u015ft\u0131r.<\/p>\n<p>\u00dclkenin ba\u015fkenti olan Bangkok\u2019un tam kalbinde denecek bir konumda bulunan, \u00fclkenin en \u00f6nemli ve en k\u00f6kl\u00fc camilerinden biri olan <em><strong>Tonson Camii&#8217;nde<\/strong>(Tonson Mosque)<\/em> ise apayr\u0131 bir vefa \u00f6rne\u011fi g\u00f6r\u00fclmektedir. Tonson camisi, haziresinde 9 tane Tay\u00a0\u015eeyh\u00fclislam\u0131n\u0131n kabrinin yan\u0131 s\u0131ra Tayland\u2019\u0131n kurulmas\u0131nda katk\u0131s\u0131 bulunan \u00f6nemli devlet adamlar\u0131n\u0131n kabri\u00a0yer almaktad\u0131r. Camii Zaman zaman Tayland kral\u0131n\u0131, \u00fclkenin bakanlar\u0131n\u0131 a\u011f\u0131rlayan, Tayland\u2019\u0131n en \u00f6nemli camilerinden birisidir. Caminin \u0130mam\u0131, Budizm inanc\u0131na mensup olan Tayland Prensesine 7 y\u0131l boyunca islam ile ilgili dersler vermi\u015ftir, ayn\u0131 zamanda Malezya kral\u0131n\u0131n da akrabas\u0131d\u0131r.<\/p>\n<p>\u00dclkede bu kadar \u00f6nemli ve kilit konumda bulunan cami de kar\u015f\u0131m\u0131za yine 1911 y\u0131l\u0131nda yap\u0131lan bir Osmanl\u0131 armas\u0131 \u00e7\u0131kmaktad\u0131r. Arma Tik a\u011fac\u0131ndan oyulmu\u015ftur. Arman\u0131n bulundu\u011fu orijinal yap\u0131 y\u0131k\u0131larak yerine ba\u015fka bir bina yap\u0131lsa da, Osmanl\u0131 armas\u0131n\u0131n kaybolmas\u0131 engellenmi\u015f ve Tay M\u00fcsl\u00fcmanlar taraf\u0131ndan korumaya al\u0131narak g\u00fcn\u00fcm\u00fczde, camiye ait eski, mihrap, minber gibi objelerin sergilendi\u011fi medrese avlusuna al\u0131nm\u0131\u015ft\u0131r. \u00a0Sultan II. Abd\u00fclhamit d\u00f6neminde s\u0131k kullan\u0131lan ay y\u0131ld\u0131z sembol\u00fc, caminin haziresinde bulunan bir \u00e7ok mezar ta\u015f\u0131nda net bir bi\u00e7imde g\u00f6r\u00fcl\u00fcrken, caminin kurumsal logo olarak kulland\u0131\u011f\u0131 amblem de yine, Osmanl\u0131 armas\u0131ndan esinlenerek yap\u0131lm\u0131\u015ft\u0131r.<\/p>\n<p>\u00dclkemize bu kadar uzak \u00e7o\u011frafyada ki din karde\u015flerimizle, ba\u011flar\u0131m\u0131z\u0131 peki\u015ftirmemize vesile olan Sultan\u0131 bir kez daha rahmetle an\u0131yoruz.<\/p>\n\n\t\t<style>\n\t\t\t#gallery-1 {\n\t\t\t\tmargin: auto;\n\t\t\t}\n\t\t\t#gallery-1 .gallery-item {\n\t\t\t\tfloat: left;\n\t\t\t\tmargin-top: 10px;\n\t\t\t\ttext-align: center;\n\t\t\t\twidth: 11%;\n\t\t\t}\n\t\t\t#gallery-1 img {\n\t\t\t\tborder: 2px solid #cfcfcf;\n\t\t\t}\n\t\t\t#gallery-1 .gallery-caption {\n\t\t\t\tmargin-left: 0;\n\t\t\t}\n\t\t\t\/* see gallery_shortcode() in wp-includes\/media.php *\/\n\t\t<\/style>\n\t\t<div id='gallery-1' class='gallery galleryid-482 gallery-columns-9 gallery-size-thumbnail'><dl class='gallery-item'>\n\t\t\t<dt class='gallery-icon landscape'>\n\t\t\t\t<a href='http:\/\/www.ibrahimaybek.com\/index.php\/2016\/11\/12\/tayland-muslumanlarinin-osmanli-sevgisi\/sultan\/'><img loading=\"lazy\" decoding=\"async\" width=\"150\" height=\"150\" src=\"http:\/\/www.ibrahimaybek.com\/wp-content\/uploads\/2016\/11\/sultan-150x150.png\" class=\"attachment-thumbnail size-thumbnail\" alt=\"\" srcset=\"http:\/\/www.ibrahimaybek.com\/wp-content\/uploads\/2016\/11\/sultan-150x150.png 150w, http:\/\/www.ibrahimaybek.com\/wp-content\/uploads\/2016\/11\/sultan-160x160.png 160w, http:\/\/www.ibrahimaybek.com\/wp-content\/uploads\/2016\/11\/sultan-320x320.png 320w\" sizes=\"auto, (max-width: 150px) 100vw, 150px\" \/><\/a>\n\t\t\t<\/dt><\/dl><dl class='gallery-item'>\n\t\t\t<dt class='gallery-icon portrait'>\n\t\t\t\t<a href='http:\/\/www.ibrahimaybek.com\/index.php\/2016\/11\/12\/tayland-muslumanlarinin-osmanli-sevgisi\/img_9238\/'><img loading=\"lazy\" decoding=\"async\" width=\"150\" height=\"150\" src=\"http:\/\/www.ibrahimaybek.com\/wp-content\/uploads\/2016\/11\/IMG_9238-150x150.jpg\" class=\"attachment-thumbnail size-thumbnail\" alt=\"\" aria-describedby=\"gallery-1-496\" srcset=\"http:\/\/www.ibrahimaybek.com\/wp-content\/uploads\/2016\/11\/IMG_9238-150x150.jpg 150w, http:\/\/www.ibrahimaybek.com\/wp-content\/uploads\/2016\/11\/IMG_9238-160x160.jpg 160w, http:\/\/www.ibrahimaybek.com\/wp-content\/uploads\/2016\/11\/IMG_9238-320x320.jpg 320w\" sizes=\"auto, (max-width: 150px) 100vw, 150px\" \/><\/a>\n\t\t\t<\/dt>\n\t\t\t\t<dd class='wp-caption-text gallery-caption' id='gallery-1-496'>\n\t\t\t\tBang Uthit Camisi \u00d6n Cephesi\n\t\t\t\t<\/dd><\/dl><dl class='gallery-item'>\n\t\t\t<dt class='gallery-icon landscape'>\n\t\t\t\t<a href='http:\/\/www.ibrahimaybek.com\/index.php\/2016\/11\/12\/tayland-muslumanlarinin-osmanli-sevgisi\/img_9148\/'><img loading=\"lazy\" decoding=\"async\" width=\"150\" height=\"150\" src=\"http:\/\/www.ibrahimaybek.com\/wp-content\/uploads\/2016\/11\/IMG_9148-150x150.jpg\" class=\"attachment-thumbnail size-thumbnail\" alt=\"\" aria-describedby=\"gallery-1-484\" srcset=\"http:\/\/www.ibrahimaybek.com\/wp-content\/uploads\/2016\/11\/IMG_9148-150x150.jpg 150w, http:\/\/www.ibrahimaybek.com\/wp-content\/uploads\/2016\/11\/IMG_9148-300x300.jpg 300w, http:\/\/www.ibrahimaybek.com\/wp-content\/uploads\/2016\/11\/IMG_9148-768x768.jpg 768w, http:\/\/www.ibrahimaybek.com\/wp-content\/uploads\/2016\/11\/IMG_9148-1024x1024.jpg 1024w, http:\/\/www.ibrahimaybek.com\/wp-content\/uploads\/2016\/11\/IMG_9148-160x160.jpg 160w, http:\/\/www.ibrahimaybek.com\/wp-content\/uploads\/2016\/11\/IMG_9148-320x320.jpg 320w, http:\/\/www.ibrahimaybek.com\/wp-content\/uploads\/2016\/11\/IMG_9148.jpg 1729w\" sizes=\"auto, (max-width: 150px) 100vw, 150px\" \/><\/a>\n\t\t\t<\/dt>\n\t\t\t\t<dd class='wp-caption-text gallery-caption' id='gallery-1-484'>\n\t\t\t\tBang Uthit Camii&#8217;sindeki Osmanl\u0131 Armas\u0131\n\t\t\t\t<\/dd><\/dl><dl class='gallery-item'>\n\t\t\t<dt class='gallery-icon landscape'>\n\t\t\t\t<a href='http:\/\/www.ibrahimaybek.com\/index.php\/2016\/11\/12\/tayland-muslumanlarinin-osmanli-sevgisi\/osmanliarmasi\/'><img loading=\"lazy\" decoding=\"async\" width=\"150\" height=\"150\" src=\"http:\/\/www.ibrahimaybek.com\/wp-content\/uploads\/2016\/11\/osmanliarmasi-150x150.png\" class=\"attachment-thumbnail size-thumbnail\" alt=\"\" aria-describedby=\"gallery-1-502\" srcset=\"http:\/\/www.ibrahimaybek.com\/wp-content\/uploads\/2016\/11\/osmanliarmasi-150x150.png 150w, http:\/\/www.ibrahimaybek.com\/wp-content\/uploads\/2016\/11\/osmanliarmasi-160x160.png 160w, http:\/\/www.ibrahimaybek.com\/wp-content\/uploads\/2016\/11\/osmanliarmasi-320x320.png 320w\" sizes=\"auto, (max-width: 150px) 100vw, 150px\" \/><\/a>\n\t\t\t<\/dt>\n\t\t\t\t<dd class='wp-caption-text gallery-caption' id='gallery-1-502'>\n\t\t\t\tTonson Camisinde bulunan Tik a\u011fac\u0131ndan oyma Osmanl\u0131 Armas\u0131\n\t\t\t\t<\/dd><\/dl><dl class='gallery-item'>\n\t\t\t<dt class='gallery-icon landscape'>\n\t\t\t\t<a href='http:\/\/www.ibrahimaybek.com\/index.php\/2016\/11\/12\/tayland-muslumanlarinin-osmanli-sevgisi\/img_9255\/'><img loading=\"lazy\" decoding=\"async\" width=\"150\" height=\"150\" src=\"http:\/\/www.ibrahimaybek.com\/wp-content\/uploads\/2016\/11\/IMG_9255-150x150.jpg\" class=\"attachment-thumbnail size-thumbnail\" alt=\"\" aria-describedby=\"gallery-1-486\" srcset=\"http:\/\/www.ibrahimaybek.com\/wp-content\/uploads\/2016\/11\/IMG_9255-150x150.jpg 150w, http:\/\/www.ibrahimaybek.com\/wp-content\/uploads\/2016\/11\/IMG_9255-160x160.jpg 160w, http:\/\/www.ibrahimaybek.com\/wp-content\/uploads\/2016\/11\/IMG_9255-320x320.jpg 320w\" sizes=\"auto, (max-width: 150px) 100vw, 150px\" \/><\/a>\n\t\t\t<\/dt>\n\t\t\t\t<dd class='wp-caption-text gallery-caption' id='gallery-1-486'>\n\t\t\t\tTonson Camisinde bulunan Tik a\u011fac\u0131ndan oyma Osmanl\u0131 Armas\u0131\n\t\t\t\t<\/dd><\/dl><dl class='gallery-item'>\n\t\t\t<dt class='gallery-icon landscape'>\n\t\t\t\t<a href='http:\/\/www.ibrahimaybek.com\/index.php\/2016\/11\/12\/tayland-muslumanlarinin-osmanli-sevgisi\/img_9360\/'><img loading=\"lazy\" decoding=\"async\" width=\"150\" height=\"150\" src=\"http:\/\/www.ibrahimaybek.com\/wp-content\/uploads\/2016\/11\/IMG_9360-150x150.jpg\" class=\"attachment-thumbnail size-thumbnail\" alt=\"\" aria-describedby=\"gallery-1-494\" srcset=\"http:\/\/www.ibrahimaybek.com\/wp-content\/uploads\/2016\/11\/IMG_9360-150x150.jpg 150w, http:\/\/www.ibrahimaybek.com\/wp-content\/uploads\/2016\/11\/IMG_9360-160x160.jpg 160w, http:\/\/www.ibrahimaybek.com\/wp-content\/uploads\/2016\/11\/IMG_9360-320x320.jpg 320w\" sizes=\"auto, (max-width: 150px) 100vw, 150px\" \/><\/a>\n\t\t\t<\/dt>\n\t\t\t\t<dd class='wp-caption-text gallery-caption' id='gallery-1-494'>\n\t\t\t\tTonson Camisinde Osmanl\u0131 Armas\u0131n\u0131n yer ald\u0131\u011f\u0131 ilk yap\u0131y\u0131 g\u00f6steren grav\u00fcr\n\t\t\t\t<\/dd><\/dl><dl class='gallery-item'>\n\t\t\t<dt class='gallery-icon portrait'>\n\t\t\t\t<a href='http:\/\/www.ibrahimaybek.com\/index.php\/2016\/11\/12\/tayland-muslumanlarinin-osmanli-sevgisi\/img_9262\/'><img loading=\"lazy\" decoding=\"async\" width=\"150\" height=\"150\" src=\"http:\/\/www.ibrahimaybek.com\/wp-content\/uploads\/2016\/11\/IMG_9262-150x150.jpg\" class=\"attachment-thumbnail size-thumbnail\" alt=\"\" aria-describedby=\"gallery-1-488\" srcset=\"http:\/\/www.ibrahimaybek.com\/wp-content\/uploads\/2016\/11\/IMG_9262-150x150.jpg 150w, http:\/\/www.ibrahimaybek.com\/wp-content\/uploads\/2016\/11\/IMG_9262-160x160.jpg 160w, http:\/\/www.ibrahimaybek.com\/wp-content\/uploads\/2016\/11\/IMG_9262-320x320.jpg 320w\" sizes=\"auto, (max-width: 150px) 100vw, 150px\" \/><\/a>\n\t\t\t<\/dt>\n\t\t\t\t<dd class='wp-caption-text gallery-caption' id='gallery-1-488'>\n\t\t\t\tTonson Camisinde Osmanl\u0131 Armas\u0131n\u0131n yer ald\u0131\u011f\u0131 ilk yap\u0131\n\t\t\t\t<\/dd><\/dl><dl class='gallery-item'>\n\t\t\t<dt class='gallery-icon landscape'>\n\t\t\t\t<a href='http:\/\/www.ibrahimaybek.com\/index.php\/2016\/11\/12\/tayland-muslumanlarinin-osmanli-sevgisi\/img_9275\/'><img loading=\"lazy\" decoding=\"async\" width=\"150\" height=\"150\" src=\"http:\/\/www.ibrahimaybek.com\/wp-content\/uploads\/2016\/11\/IMG_9275-150x150.jpg\" class=\"attachment-thumbnail size-thumbnail\" alt=\"\" aria-describedby=\"gallery-1-489\" srcset=\"http:\/\/www.ibrahimaybek.com\/wp-content\/uploads\/2016\/11\/IMG_9275-150x150.jpg 150w, http:\/\/www.ibrahimaybek.com\/wp-content\/uploads\/2016\/11\/IMG_9275-160x160.jpg 160w, http:\/\/www.ibrahimaybek.com\/wp-content\/uploads\/2016\/11\/IMG_9275-320x320.jpg 320w\" sizes=\"auto, (max-width: 150px) 100vw, 150px\" \/><\/a>\n\t\t\t<\/dt>\n\t\t\t\t<dd class='wp-caption-text gallery-caption' id='gallery-1-489'>\n\t\t\t\tTonson Camii \u0130mam\u0131\n\t\t\t\t<\/dd><\/dl><dl class='gallery-item'>\n\t\t\t<dt class='gallery-icon landscape'>\n\t\t\t\t<a href='http:\/\/www.ibrahimaybek.com\/index.php\/2016\/11\/12\/tayland-muslumanlarinin-osmanli-sevgisi\/img_9302\/'><img loading=\"lazy\" decoding=\"async\" width=\"150\" height=\"150\" src=\"http:\/\/www.ibrahimaybek.com\/wp-content\/uploads\/2016\/11\/IMG_9302-150x150.jpg\" class=\"attachment-thumbnail size-thumbnail\" alt=\"\" aria-describedby=\"gallery-1-490\" srcset=\"http:\/\/www.ibrahimaybek.com\/wp-content\/uploads\/2016\/11\/IMG_9302-150x150.jpg 150w, http:\/\/www.ibrahimaybek.com\/wp-content\/uploads\/2016\/11\/IMG_9302-160x160.jpg 160w, http:\/\/www.ibrahimaybek.com\/wp-content\/uploads\/2016\/11\/IMG_9302-320x320.jpg 320w\" sizes=\"auto, (max-width: 150px) 100vw, 150px\" \/><\/a>\n\t\t\t<\/dt>\n\t\t\t\t<dd class='wp-caption-text gallery-caption' id='gallery-1-490'>\n\t\t\t\tCamii haziresinde yer alan Tay M\u00fcsl\u00fcmanlara ait ay y\u0131ld\u0131zl\u0131 bir mezar ta\u015f\u0131\n\t\t\t\t<\/dd><\/dl><br style=\"clear: both\" \/><dl class='gallery-item'>\n\t\t\t<dt class='gallery-icon landscape'>\n\t\t\t\t<a href='http:\/\/www.ibrahimaybek.com\/index.php\/2016\/11\/12\/tayland-muslumanlarinin-osmanli-sevgisi\/img_9303\/'><img loading=\"lazy\" decoding=\"async\" width=\"150\" height=\"150\" src=\"http:\/\/www.ibrahimaybek.com\/wp-content\/uploads\/2016\/11\/IMG_9303-150x150.jpg\" class=\"attachment-thumbnail size-thumbnail\" alt=\"\" aria-describedby=\"gallery-1-491\" srcset=\"http:\/\/www.ibrahimaybek.com\/wp-content\/uploads\/2016\/11\/IMG_9303-150x150.jpg 150w, http:\/\/www.ibrahimaybek.com\/wp-content\/uploads\/2016\/11\/IMG_9303-160x160.jpg 160w, http:\/\/www.ibrahimaybek.com\/wp-content\/uploads\/2016\/11\/IMG_9303-320x320.jpg 320w\" sizes=\"auto, (max-width: 150px) 100vw, 150px\" \/><\/a>\n\t\t\t<\/dt>\n\t\t\t\t<dd class='wp-caption-text gallery-caption' id='gallery-1-491'>\n\t\t\t\tTay M\u00fcsl\u00fcmanlar g\u00fcn\u00fcm\u00fczde yap\u0131lan yeni camii&#8217;de Kuran-\u0131 Kerim dinlerken\n\t\t\t\t<\/dd><\/dl><dl class='gallery-item'>\n\t\t\t<dt class='gallery-icon landscape'>\n\t\t\t\t<a href='http:\/\/www.ibrahimaybek.com\/index.php\/2016\/11\/12\/tayland-muslumanlarinin-osmanli-sevgisi\/img_9324\/'><img loading=\"lazy\" decoding=\"async\" width=\"150\" height=\"150\" src=\"http:\/\/www.ibrahimaybek.com\/wp-content\/uploads\/2016\/11\/IMG_9324-150x150.jpg\" class=\"attachment-thumbnail size-thumbnail\" alt=\"\" aria-describedby=\"gallery-1-492\" srcset=\"http:\/\/www.ibrahimaybek.com\/wp-content\/uploads\/2016\/11\/IMG_9324-150x150.jpg 150w, http:\/\/www.ibrahimaybek.com\/wp-content\/uploads\/2016\/11\/IMG_9324-160x160.jpg 160w, http:\/\/www.ibrahimaybek.com\/wp-content\/uploads\/2016\/11\/IMG_9324-320x320.jpg 320w\" sizes=\"auto, (max-width: 150px) 100vw, 150px\" \/><\/a>\n\t\t\t<\/dt>\n\t\t\t\t<dd class='wp-caption-text gallery-caption' id='gallery-1-492'>\n\t\t\t\tAbi ve Karde\u015f olan en son iki Tayland kral\u0131n\u0131n Tonson Camii&#8217;ni ziyaret ettikleri zaman \u00e7ekilen foto\u011fraflar\u0131. \n\t\t\t\t<\/dd><\/dl><dl class='gallery-item'>\n\t\t\t<dt class='gallery-icon landscape'>\n\t\t\t\t<a href='http:\/\/www.ibrahimaybek.com\/index.php\/2016\/11\/12\/tayland-muslumanlarinin-osmanli-sevgisi\/img_9343\/'><img loading=\"lazy\" decoding=\"async\" width=\"150\" height=\"150\" src=\"http:\/\/www.ibrahimaybek.com\/wp-content\/uploads\/2016\/11\/IMG_9343-150x150.jpg\" class=\"attachment-thumbnail size-thumbnail\" alt=\"\" aria-describedby=\"gallery-1-493\" srcset=\"http:\/\/www.ibrahimaybek.com\/wp-content\/uploads\/2016\/11\/IMG_9343-150x150.jpg 150w, http:\/\/www.ibrahimaybek.com\/wp-content\/uploads\/2016\/11\/IMG_9343-160x160.jpg 160w, http:\/\/www.ibrahimaybek.com\/wp-content\/uploads\/2016\/11\/IMG_9343-320x320.jpg 320w\" sizes=\"auto, (max-width: 150px) 100vw, 150px\" \/><\/a>\n\t\t\t<\/dt>\n\t\t\t\t<dd class='wp-caption-text gallery-caption' id='gallery-1-493'>\n\t\t\t\tOsmanl\u0131 Armas\u0131n\u0131ndan esinlenerek yap\u0131lm\u0131\u015f, g\u00fcn\u00fcm\u00fczde de kullan\u0131lan Tonson caminin kurumsal logosu\n\t\t\t\t<\/dd><\/dl>\n\t\t\t<br style='clear: both' \/>\n\t\t<\/div>\n\n<p>&nbsp;<\/p>\n","protected":false},"excerpt":{"rendered":"<p>Osmanl\u0131 Devleti\u2019nin son y\u00fczy\u0131l\u0131na girdi\u011fi, Balkanlar\u2019da \u015fiddetli milliyet\u00e7ilik kas\u0131rgalar\u0131n\u0131n ya\u015fand\u0131\u011f\u0131, Kuzey Afrika ve Hicaz \u00fczerinde Emperyalist hayallerin kuruldu\u011fu sanc\u0131l\u0131 d\u00f6nemde tahta ge\u00e7en Sultan II. Abd\u00fclhamit\u2019i, \u00e7ok parametreli, \u00fcstelik de \u00e7ok yorucu bir satran\u00e7 oyunu beklemekteydi. Ancak&#46;&#46;&#46;<\/p>\n","protected":false},"author":1,"featured_media":495,"comment_status":"open","ping_status":"open","sticky":false,"template":"","format":"gallery","meta":{"footnotes":""},"categories":[10],"tags":[],"class_list":["post-482","post","type-post","status-publish","format-gallery","has-post-thumbnail","hentry","category-kultur","post_format-post-format-gallery"],"_links":{"self":[{"href":"http:\/\/www.ibrahimaybek.com\/index.php\/wp-json\/wp\/v2\/posts\/482","targetHints":{"allow":["GET"]}}],"collection":[{"href":"http:\/\/www.ibrahimaybek.com\/index.php\/wp-json\/wp\/v2\/posts"}],"about":[{"href":"http:\/\/www.ibrahimaybek.com\/index.php\/wp-json\/wp\/v2\/types\/post"}],"author":[{"embeddable":true,"href":"http:\/\/www.ibrahimaybek.com\/index.php\/wp-json\/wp\/v2\/users\/1"}],"replies":[{"embeddable":true,"href":"http:\/\/www.ibrahimaybek.com\/index.php\/wp-json\/wp\/v2\/comments?post=482"}],"version-history":[{"count":7,"href":"http:\/\/www.ibrahimaybek.com\/index.php\/wp-json\/wp\/v2\/posts\/482\/revisions"}],"predecessor-version":[{"id":499,"href":"http:\/\/www.ibrahimaybek.com\/index.php\/wp-json\/wp\/v2\/posts\/482\/revisions\/499"}],"wp:featuredmedia":[{"embeddable":true,"href":"http:\/\/www.ibrahimaybek.com\/index.php\/wp-json\/wp\/v2\/media\/495"}],"wp:attachment":[{"href":"http:\/\/www.ibrahimaybek.com\/index.php\/wp-json\/wp\/v2\/media?parent=482"}],"wp:term":[{"taxonomy":"category","embeddable":true,"href":"http:\/\/www.ibrahimaybek.com\/index.php\/wp-json\/wp\/v2\/categories?post=482"},{"taxonomy":"post_tag","embeddable":true,"href":"http:\/\/www.ibrahimaybek.com\/index.php\/wp-json\/wp\/v2\/tags?post=482"}],"curies":[{"name":"wp","href":"https:\/\/api.w.org\/{rel}","templated":true}]}}