{"id":372,"date":"2016-10-22T01:52:40","date_gmt":"2016-10-21T22:52:40","guid":{"rendered":"http:\/\/www.ibrahimaybek.com\/?p=372"},"modified":"2017-09-21T17:49:48","modified_gmt":"2017-09-21T14:49:48","slug":"sao-tome-ve-prinsipe","status":"publish","type":"post","link":"http:\/\/www.ibrahimaybek.com\/index.php\/2016\/10\/22\/sao-tome-ve-prinsipe\/","title":{"rendered":"Sao Tome ve Prinsipe"},"content":{"rendered":"\n\t\t<style>\n\t\t\t#gallery-1 {\n\t\t\t\tmargin: auto;\n\t\t\t}\n\t\t\t#gallery-1 .gallery-item {\n\t\t\t\tfloat: left;\n\t\t\t\tmargin-top: 10px;\n\t\t\t\ttext-align: center;\n\t\t\t\twidth: 11%;\n\t\t\t}\n\t\t\t#gallery-1 img {\n\t\t\t\tborder: 2px solid #cfcfcf;\n\t\t\t}\n\t\t\t#gallery-1 .gallery-caption {\n\t\t\t\tmargin-left: 0;\n\t\t\t}\n\t\t\t\/* see gallery_shortcode() in wp-includes\/media.php *\/\n\t\t<\/style>\n\t\t<div id='gallery-1' class='gallery galleryid-372 gallery-columns-9 gallery-size-thumbnail'><dl class='gallery-item'>\n\t\t\t<dt class='gallery-icon landscape'>\n\t\t\t\t<a href='http:\/\/www.ibrahimaybek.com\/index.php\/2016\/10\/22\/sao-tome-ve-prinsipe\/dscf0553\/'><img loading=\"lazy\" decoding=\"async\" width=\"150\" height=\"150\" src=\"http:\/\/www.ibrahimaybek.com\/wp-content\/uploads\/2016\/10\/DSCF0553-150x150.jpg\" class=\"attachment-thumbnail size-thumbnail\" alt=\"\" aria-describedby=\"gallery-1-402\" srcset=\"http:\/\/www.ibrahimaybek.com\/wp-content\/uploads\/2016\/10\/DSCF0553-150x150.jpg 150w, http:\/\/www.ibrahimaybek.com\/wp-content\/uploads\/2016\/10\/DSCF0553-160x160.jpg 160w, http:\/\/www.ibrahimaybek.com\/wp-content\/uploads\/2016\/10\/DSCF0553-320x320.jpg 320w\" sizes=\"auto, (max-width: 150px) 100vw, 150px\" \/><\/a>\n\t\t\t<\/dt>\n\t\t\t\t<dd class='wp-caption-text gallery-caption' id='gallery-1-402'>\n\t\t\t\tAdada, yolun sa\u011f\u0131na ve soluna in\u015fa edilen barakalar sonucunda olu\u015fmu\u015f bir kasaba\n\t\t\t\t<\/dd><\/dl><dl class='gallery-item'>\n\t\t\t<dt class='gallery-icon landscape'>\n\t\t\t\t<a href='http:\/\/www.ibrahimaybek.com\/index.php\/2016\/10\/22\/sao-tome-ve-prinsipe\/dscf0423\/'><img loading=\"lazy\" decoding=\"async\" width=\"150\" height=\"150\" src=\"http:\/\/www.ibrahimaybek.com\/wp-content\/uploads\/2016\/10\/DSCF0423-150x150.jpg\" class=\"attachment-thumbnail size-thumbnail\" alt=\"\" aria-describedby=\"gallery-1-395\" srcset=\"http:\/\/www.ibrahimaybek.com\/wp-content\/uploads\/2016\/10\/DSCF0423-150x150.jpg 150w, http:\/\/www.ibrahimaybek.com\/wp-content\/uploads\/2016\/10\/DSCF0423-160x160.jpg 160w, http:\/\/www.ibrahimaybek.com\/wp-content\/uploads\/2016\/10\/DSCF0423-320x320.jpg 320w\" sizes=\"auto, (max-width: 150px) 100vw, 150px\" \/><\/a>\n\t\t\t<\/dt>\n\t\t\t\t<dd class='wp-caption-text gallery-caption' id='gallery-1-395'>\n\t\t\t\tTerkedilmi\u015f eski bir hastane\n\t\t\t\t<\/dd><\/dl><dl class='gallery-item'>\n\t\t\t<dt class='gallery-icon landscape'>\n\t\t\t\t<a href='http:\/\/www.ibrahimaybek.com\/index.php\/2016\/10\/22\/sao-tome-ve-prinsipe\/dscf0804\/'><img loading=\"lazy\" decoding=\"async\" width=\"150\" height=\"150\" src=\"http:\/\/www.ibrahimaybek.com\/wp-content\/uploads\/2016\/10\/DSCF0804-150x150.jpg\" class=\"attachment-thumbnail size-thumbnail\" alt=\"\" aria-describedby=\"gallery-1-384\" srcset=\"http:\/\/www.ibrahimaybek.com\/wp-content\/uploads\/2016\/10\/DSCF0804-150x150.jpg 150w, http:\/\/www.ibrahimaybek.com\/wp-content\/uploads\/2016\/10\/DSCF0804-160x160.jpg 160w, http:\/\/www.ibrahimaybek.com\/wp-content\/uploads\/2016\/10\/DSCF0804-320x320.jpg 320w\" sizes=\"auto, (max-width: 150px) 100vw, 150px\" \/><\/a>\n\t\t\t<\/dt>\n\t\t\t\t<dd class='wp-caption-text gallery-caption' id='gallery-1-384'>\n\t\t\t\t\u00dclkede kullan\u0131m\u0131 son derece yayg\u0131n olan motor taksiler m\u00fc\u015fterilerini beklerken\n\t\t\t\t<\/dd><\/dl><dl class='gallery-item'>\n\t\t\t<dt class='gallery-icon landscape'>\n\t\t\t\t<a href='http:\/\/www.ibrahimaybek.com\/index.php\/2016\/10\/22\/sao-tome-ve-prinsipe\/dscf0789\/'><img loading=\"lazy\" decoding=\"async\" width=\"150\" height=\"150\" src=\"http:\/\/www.ibrahimaybek.com\/wp-content\/uploads\/2016\/10\/DSCF0789-150x150.jpg\" class=\"attachment-thumbnail size-thumbnail\" alt=\"\" aria-describedby=\"gallery-1-382\" srcset=\"http:\/\/www.ibrahimaybek.com\/wp-content\/uploads\/2016\/10\/DSCF0789-150x150.jpg 150w, http:\/\/www.ibrahimaybek.com\/wp-content\/uploads\/2016\/10\/DSCF0789-160x160.jpg 160w, http:\/\/www.ibrahimaybek.com\/wp-content\/uploads\/2016\/10\/DSCF0789-320x320.jpg 320w\" sizes=\"auto, (max-width: 150px) 100vw, 150px\" \/><\/a>\n\t\t\t<\/dt>\n\t\t\t\t<dd class='wp-caption-text gallery-caption' id='gallery-1-382'>\n\t\t\t\tSao Tome kentinin halk pazar\u0131\n\t\t\t\t<\/dd><\/dl><dl class='gallery-item'>\n\t\t\t<dt class='gallery-icon landscape'>\n\t\t\t\t<a href='http:\/\/www.ibrahimaybek.com\/index.php\/2016\/10\/22\/sao-tome-ve-prinsipe\/dscf0786\/'><img loading=\"lazy\" decoding=\"async\" width=\"150\" height=\"150\" src=\"http:\/\/www.ibrahimaybek.com\/wp-content\/uploads\/2016\/10\/DSCF0786-150x150.jpg\" class=\"attachment-thumbnail size-thumbnail\" alt=\"\" aria-describedby=\"gallery-1-381\" srcset=\"http:\/\/www.ibrahimaybek.com\/wp-content\/uploads\/2016\/10\/DSCF0786-150x150.jpg 150w, http:\/\/www.ibrahimaybek.com\/wp-content\/uploads\/2016\/10\/DSCF0786-160x160.jpg 160w, http:\/\/www.ibrahimaybek.com\/wp-content\/uploads\/2016\/10\/DSCF0786-320x320.jpg 320w\" sizes=\"auto, (max-width: 150px) 100vw, 150px\" \/><\/a>\n\t\t\t<\/dt>\n\t\t\t\t<dd class='wp-caption-text gallery-caption' id='gallery-1-381'>\n\t\t\t\tSao Tome halk pazar\u0131nda sat\u0131lan deniz \u00fcr\u00fcnleri\n\t\t\t\t<\/dd><\/dl><dl class='gallery-item'>\n\t\t\t<dt class='gallery-icon landscape'>\n\t\t\t\t<a href='http:\/\/www.ibrahimaybek.com\/index.php\/2016\/10\/22\/sao-tome-ve-prinsipe\/dscf0783\/'><img loading=\"lazy\" decoding=\"async\" width=\"150\" height=\"150\" src=\"http:\/\/www.ibrahimaybek.com\/wp-content\/uploads\/2016\/10\/DSCF0783-150x150.jpg\" class=\"attachment-thumbnail size-thumbnail\" alt=\"\" aria-describedby=\"gallery-1-380\" srcset=\"http:\/\/www.ibrahimaybek.com\/wp-content\/uploads\/2016\/10\/DSCF0783-150x150.jpg 150w, http:\/\/www.ibrahimaybek.com\/wp-content\/uploads\/2016\/10\/DSCF0783-160x160.jpg 160w, http:\/\/www.ibrahimaybek.com\/wp-content\/uploads\/2016\/10\/DSCF0783-320x320.jpg 320w\" sizes=\"auto, (max-width: 150px) 100vw, 150px\" \/><\/a>\n\t\t\t<\/dt>\n\t\t\t\t<dd class='wp-caption-text gallery-caption' id='gallery-1-380'>\n\t\t\t\tAdan\u0131n me\u015fhur k\u0131rm\u0131z\u0131 biberi\n\t\t\t\t<\/dd><\/dl><dl class='gallery-item'>\n\t\t\t<dt class='gallery-icon portrait'>\n\t\t\t\t<a href='http:\/\/www.ibrahimaybek.com\/index.php\/2016\/10\/22\/sao-tome-ve-prinsipe\/dscf0776\/'><img loading=\"lazy\" decoding=\"async\" width=\"150\" height=\"150\" src=\"http:\/\/www.ibrahimaybek.com\/wp-content\/uploads\/2016\/10\/DSCF0776-150x150.jpg\" class=\"attachment-thumbnail size-thumbnail\" alt=\"\" srcset=\"http:\/\/www.ibrahimaybek.com\/wp-content\/uploads\/2016\/10\/DSCF0776-150x150.jpg 150w, http:\/\/www.ibrahimaybek.com\/wp-content\/uploads\/2016\/10\/DSCF0776-1014x1024.jpg 1014w, http:\/\/www.ibrahimaybek.com\/wp-content\/uploads\/2016\/10\/DSCF0776-160x160.jpg 160w, http:\/\/www.ibrahimaybek.com\/wp-content\/uploads\/2016\/10\/DSCF0776-320x320.jpg 320w\" sizes=\"auto, (max-width: 150px) 100vw, 150px\" \/><\/a>\n\t\t\t<\/dt><\/dl><dl class='gallery-item'>\n\t\t\t<dt class='gallery-icon landscape'>\n\t\t\t\t<a href='http:\/\/www.ibrahimaybek.com\/index.php\/2016\/10\/22\/sao-tome-ve-prinsipe\/dscf0366\/'><img loading=\"lazy\" decoding=\"async\" width=\"150\" height=\"150\" src=\"http:\/\/www.ibrahimaybek.com\/wp-content\/uploads\/2016\/10\/DSCF0366-150x150.jpg\" class=\"attachment-thumbnail size-thumbnail\" alt=\"\" aria-describedby=\"gallery-1-390\" srcset=\"http:\/\/www.ibrahimaybek.com\/wp-content\/uploads\/2016\/10\/DSCF0366-150x150.jpg 150w, http:\/\/www.ibrahimaybek.com\/wp-content\/uploads\/2016\/10\/DSCF0366-160x160.jpg 160w, http:\/\/www.ibrahimaybek.com\/wp-content\/uploads\/2016\/10\/DSCF0366-320x320.jpg 320w\" sizes=\"auto, (max-width: 150px) 100vw, 150px\" \/><\/a>\n\t\t\t<\/dt>\n\t\t\t\t<dd class='wp-caption-text gallery-caption' id='gallery-1-390'>\n\t\t\t\tAdan\u0131n i\u00e7 kesimlerindeki y\u00fcksek yerlerde bulunan kahve ekili alanlar\n\t\t\t\t<\/dd><\/dl><dl class='gallery-item'>\n\t\t\t<dt class='gallery-icon landscape'>\n\t\t\t\t<a href='http:\/\/www.ibrahimaybek.com\/index.php\/2016\/10\/22\/sao-tome-ve-prinsipe\/dscf0433\/'><img loading=\"lazy\" decoding=\"async\" width=\"150\" height=\"150\" src=\"http:\/\/www.ibrahimaybek.com\/wp-content\/uploads\/2016\/10\/DSCF0433-150x150.jpg\" class=\"attachment-thumbnail size-thumbnail\" alt=\"\" aria-describedby=\"gallery-1-396\" srcset=\"http:\/\/www.ibrahimaybek.com\/wp-content\/uploads\/2016\/10\/DSCF0433-150x150.jpg 150w, http:\/\/www.ibrahimaybek.com\/wp-content\/uploads\/2016\/10\/DSCF0433-160x160.jpg 160w, http:\/\/www.ibrahimaybek.com\/wp-content\/uploads\/2016\/10\/DSCF0433-320x320.jpg 320w\" sizes=\"auto, (max-width: 150px) 100vw, 150px\" \/><\/a>\n\t\t\t<\/dt>\n\t\t\t\t<dd class='wp-caption-text gallery-caption' id='gallery-1-396'>\n\t\t\t\tKahvelerin fermantasyona u\u011frat\u0131ld\u0131\u011f\u0131 sergenler\n\t\t\t\t<\/dd><\/dl><br style=\"clear: both\" \/><dl class='gallery-item'>\n\t\t\t<dt class='gallery-icon landscape'>\n\t\t\t\t<a href='http:\/\/www.ibrahimaybek.com\/index.php\/2016\/10\/22\/sao-tome-ve-prinsipe\/dscf0530\/'><img loading=\"lazy\" decoding=\"async\" width=\"150\" height=\"150\" src=\"http:\/\/www.ibrahimaybek.com\/wp-content\/uploads\/2016\/10\/DSCF0530-150x150.jpg\" class=\"attachment-thumbnail size-thumbnail\" alt=\"\" aria-describedby=\"gallery-1-400\" srcset=\"http:\/\/www.ibrahimaybek.com\/wp-content\/uploads\/2016\/10\/DSCF0530-150x150.jpg 150w, http:\/\/www.ibrahimaybek.com\/wp-content\/uploads\/2016\/10\/DSCF0530-160x160.jpg 160w, http:\/\/www.ibrahimaybek.com\/wp-content\/uploads\/2016\/10\/DSCF0530-320x320.jpg 320w\" sizes=\"auto, (max-width: 150px) 100vw, 150px\" \/><\/a>\n\t\t\t<\/dt>\n\t\t\t\t<dd class='wp-caption-text gallery-caption' id='gallery-1-400'>\n\t\t\t\tAdan\u0131n bat\u0131 b\u00f6lgesinde bulunan ta\u015fl\u0131k sahiller\n\t\t\t\t<\/dd><\/dl><dl class='gallery-item'>\n\t\t\t<dt class='gallery-icon landscape'>\n\t\t\t\t<a href='http:\/\/www.ibrahimaybek.com\/index.php\/2016\/10\/22\/sao-tome-ve-prinsipe\/dscf0519\/'><img loading=\"lazy\" decoding=\"async\" width=\"150\" height=\"150\" src=\"http:\/\/www.ibrahimaybek.com\/wp-content\/uploads\/2016\/10\/DSCF0519-150x150.jpg\" class=\"attachment-thumbnail size-thumbnail\" alt=\"\" aria-describedby=\"gallery-1-399\" srcset=\"http:\/\/www.ibrahimaybek.com\/wp-content\/uploads\/2016\/10\/DSCF0519-150x150.jpg 150w, http:\/\/www.ibrahimaybek.com\/wp-content\/uploads\/2016\/10\/DSCF0519-160x160.jpg 160w, http:\/\/www.ibrahimaybek.com\/wp-content\/uploads\/2016\/10\/DSCF0519-320x320.jpg 320w\" sizes=\"auto, (max-width: 150px) 100vw, 150px\" \/><\/a>\n\t\t\t<\/dt>\n\t\t\t\t<dd class='wp-caption-text gallery-caption' id='gallery-1-399'>\n\t\t\t\t\u00c7ikolatan\u0131n hammaddesi olan kakaonun \u00fcretildi\u011fi meyve\n\t\t\t\t<\/dd><\/dl><dl class='gallery-item'>\n\t\t\t<dt class='gallery-icon landscape'>\n\t\t\t\t<a href='http:\/\/www.ibrahimaybek.com\/index.php\/2016\/10\/22\/sao-tome-ve-prinsipe\/dscf0539\/'><img loading=\"lazy\" decoding=\"async\" width=\"150\" height=\"150\" src=\"http:\/\/www.ibrahimaybek.com\/wp-content\/uploads\/2016\/10\/DSCF0539-150x150.jpg\" class=\"attachment-thumbnail size-thumbnail\" alt=\"\" aria-describedby=\"gallery-1-401\" srcset=\"http:\/\/www.ibrahimaybek.com\/wp-content\/uploads\/2016\/10\/DSCF0539-150x150.jpg 150w, http:\/\/www.ibrahimaybek.com\/wp-content\/uploads\/2016\/10\/DSCF0539-160x160.jpg 160w, http:\/\/www.ibrahimaybek.com\/wp-content\/uploads\/2016\/10\/DSCF0539-320x320.jpg 320w\" sizes=\"auto, (max-width: 150px) 100vw, 150px\" \/><\/a>\n\t\t\t<\/dt>\n\t\t\t\t<dd class='wp-caption-text gallery-caption' id='gallery-1-401'>\n\t\t\t\tMuz bah\u00e7esi\n\t\t\t\t<\/dd><\/dl><dl class='gallery-item'>\n\t\t\t<dt class='gallery-icon landscape'>\n\t\t\t\t<a href='http:\/\/www.ibrahimaybek.com\/index.php\/2016\/10\/22\/sao-tome-ve-prinsipe\/dscf0357\/'><img loading=\"lazy\" decoding=\"async\" width=\"150\" height=\"150\" src=\"http:\/\/www.ibrahimaybek.com\/wp-content\/uploads\/2016\/10\/DSCF0357-150x150.jpg\" class=\"attachment-thumbnail size-thumbnail\" alt=\"\" aria-describedby=\"gallery-1-389\" srcset=\"http:\/\/www.ibrahimaybek.com\/wp-content\/uploads\/2016\/10\/DSCF0357-150x150.jpg 150w, http:\/\/www.ibrahimaybek.com\/wp-content\/uploads\/2016\/10\/DSCF0357-160x160.jpg 160w, http:\/\/www.ibrahimaybek.com\/wp-content\/uploads\/2016\/10\/DSCF0357-320x320.jpg 320w\" sizes=\"auto, (max-width: 150px) 100vw, 150px\" \/><\/a>\n\t\t\t<\/dt>\n\t\t\t\t<dd class='wp-caption-text gallery-caption' id='gallery-1-389'>\n\t\t\t\tS\u0131k orman\n\t\t\t\t<\/dd><\/dl><dl class='gallery-item'>\n\t\t\t<dt class='gallery-icon portrait'>\n\t\t\t\t<a href='http:\/\/www.ibrahimaybek.com\/index.php\/2016\/10\/22\/sao-tome-ve-prinsipe\/dscf0469\/'><img loading=\"lazy\" decoding=\"async\" width=\"150\" height=\"150\" src=\"http:\/\/www.ibrahimaybek.com\/wp-content\/uploads\/2016\/10\/DSCF0469-150x150.jpg\" class=\"attachment-thumbnail size-thumbnail\" alt=\"\" aria-describedby=\"gallery-1-397\" srcset=\"http:\/\/www.ibrahimaybek.com\/wp-content\/uploads\/2016\/10\/DSCF0469-150x150.jpg 150w, http:\/\/www.ibrahimaybek.com\/wp-content\/uploads\/2016\/10\/DSCF0469-160x160.jpg 160w, http:\/\/www.ibrahimaybek.com\/wp-content\/uploads\/2016\/10\/DSCF0469-320x320.jpg 320w\" sizes=\"auto, (max-width: 150px) 100vw, 150px\" \/><\/a>\n\t\t\t<\/dt>\n\t\t\t\t<dd class='wp-caption-text gallery-caption' id='gallery-1-397'>\n\t\t\t\tSao Nicolau \u015eelalesi\n\t\t\t\t<\/dd><\/dl><dl class='gallery-item'>\n\t\t\t<dt class='gallery-icon portrait'>\n\t\t\t\t<a href='http:\/\/www.ibrahimaybek.com\/index.php\/2016\/10\/22\/sao-tome-ve-prinsipe\/dscf0672\/'><img loading=\"lazy\" decoding=\"async\" width=\"150\" height=\"150\" src=\"http:\/\/www.ibrahimaybek.com\/wp-content\/uploads\/2016\/10\/DSCF0672-150x150.jpg\" class=\"attachment-thumbnail size-thumbnail\" alt=\"\" aria-describedby=\"gallery-1-378\" srcset=\"http:\/\/www.ibrahimaybek.com\/wp-content\/uploads\/2016\/10\/DSCF0672-150x150.jpg 150w, http:\/\/www.ibrahimaybek.com\/wp-content\/uploads\/2016\/10\/DSCF0672-160x160.jpg 160w, http:\/\/www.ibrahimaybek.com\/wp-content\/uploads\/2016\/10\/DSCF0672-320x320.jpg 320w\" sizes=\"auto, (max-width: 150px) 100vw, 150px\" \/><\/a>\n\t\t\t<\/dt>\n\t\t\t\t<dd class='wp-caption-text gallery-caption' id='gallery-1-378'>\n\t\t\t\tAdada yayg\u0131n olarak g\u00f6r\u00fclen \u015fi\u015fman g\u00f6vdeli boabab a\u011fac\u0131\n\t\t\t\t<\/dd><\/dl><dl class='gallery-item'>\n\t\t\t<dt class='gallery-icon landscape'>\n\t\t\t\t<a href='http:\/\/www.ibrahimaybek.com\/index.php\/2016\/10\/22\/sao-tome-ve-prinsipe\/dscf0481\/'><img loading=\"lazy\" decoding=\"async\" width=\"150\" height=\"150\" src=\"http:\/\/www.ibrahimaybek.com\/wp-content\/uploads\/2016\/10\/DSCF0481-150x150.jpg\" class=\"attachment-thumbnail size-thumbnail\" alt=\"\" aria-describedby=\"gallery-1-398\" srcset=\"http:\/\/www.ibrahimaybek.com\/wp-content\/uploads\/2016\/10\/DSCF0481-150x150.jpg 150w, http:\/\/www.ibrahimaybek.com\/wp-content\/uploads\/2016\/10\/DSCF0481-160x160.jpg 160w, http:\/\/www.ibrahimaybek.com\/wp-content\/uploads\/2016\/10\/DSCF0481-320x320.jpg 320w\" sizes=\"auto, (max-width: 150px) 100vw, 150px\" \/><\/a>\n\t\t\t<\/dt>\n\t\t\t\t<dd class='wp-caption-text gallery-caption' id='gallery-1-398'>\n\t\t\t\tSao Tome de bir meydan\n\t\t\t\t<\/dd><\/dl><dl class='gallery-item'>\n\t\t\t<dt class='gallery-icon landscape'>\n\t\t\t\t<a href='http:\/\/www.ibrahimaybek.com\/index.php\/2016\/10\/22\/sao-tome-ve-prinsipe\/dscf0418\/'><img loading=\"lazy\" decoding=\"async\" width=\"150\" height=\"150\" src=\"http:\/\/www.ibrahimaybek.com\/wp-content\/uploads\/2016\/10\/DSCF0418-150x150.jpg\" class=\"attachment-thumbnail size-thumbnail\" alt=\"\" aria-describedby=\"gallery-1-393\" srcset=\"http:\/\/www.ibrahimaybek.com\/wp-content\/uploads\/2016\/10\/DSCF0418-150x150.jpg 150w, http:\/\/www.ibrahimaybek.com\/wp-content\/uploads\/2016\/10\/DSCF0418-160x160.jpg 160w, http:\/\/www.ibrahimaybek.com\/wp-content\/uploads\/2016\/10\/DSCF0418-320x320.jpg 320w\" sizes=\"auto, (max-width: 150px) 100vw, 150px\" \/><\/a>\n\t\t\t<\/dt>\n\t\t\t\t<dd class='wp-caption-text gallery-caption' id='gallery-1-393'>\n\t\t\t\tAda k\u0131rsal\u0131nda bulunan bir ev\n\t\t\t\t<\/dd><\/dl><dl class='gallery-item'>\n\t\t\t<dt class='gallery-icon landscape'>\n\t\t\t\t<a href='http:\/\/www.ibrahimaybek.com\/index.php\/2016\/10\/22\/sao-tome-ve-prinsipe\/dscf0345\/'><img loading=\"lazy\" decoding=\"async\" width=\"150\" height=\"150\" src=\"http:\/\/www.ibrahimaybek.com\/wp-content\/uploads\/2016\/10\/DSCF0345-150x150.jpg\" class=\"attachment-thumbnail size-thumbnail\" alt=\"\" aria-describedby=\"gallery-1-388\" srcset=\"http:\/\/www.ibrahimaybek.com\/wp-content\/uploads\/2016\/10\/DSCF0345-150x150.jpg 150w, http:\/\/www.ibrahimaybek.com\/wp-content\/uploads\/2016\/10\/DSCF0345-160x160.jpg 160w, http:\/\/www.ibrahimaybek.com\/wp-content\/uploads\/2016\/10\/DSCF0345-320x320.jpg 320w\" sizes=\"auto, (max-width: 150px) 100vw, 150px\" \/><\/a>\n\t\t\t<\/dt>\n\t\t\t\t<dd class='wp-caption-text gallery-caption' id='gallery-1-388'>\n\t\t\t\tMonte de Cafe mevkiinde Libya taraf\u0131ndan yapt\u0131r\u0131lm\u0131\u015f,  kahve i\u015fleme tesisi\n\t\t\t\t<\/dd><\/dl><br style=\"clear: both\" \/><dl class='gallery-item'>\n\t\t\t<dt class='gallery-icon landscape'>\n\t\t\t\t<a href='http:\/\/www.ibrahimaybek.com\/index.php\/2016\/10\/22\/sao-tome-ve-prinsipe\/dscf0413\/'><img loading=\"lazy\" decoding=\"async\" width=\"150\" height=\"150\" src=\"http:\/\/www.ibrahimaybek.com\/wp-content\/uploads\/2016\/10\/DSCF0413-150x150.jpg\" class=\"attachment-thumbnail size-thumbnail\" alt=\"\" aria-describedby=\"gallery-1-392\" srcset=\"http:\/\/www.ibrahimaybek.com\/wp-content\/uploads\/2016\/10\/DSCF0413-150x150.jpg 150w, http:\/\/www.ibrahimaybek.com\/wp-content\/uploads\/2016\/10\/DSCF0413-160x160.jpg 160w, http:\/\/www.ibrahimaybek.com\/wp-content\/uploads\/2016\/10\/DSCF0413-320x320.jpg 320w\" sizes=\"auto, (max-width: 150px) 100vw, 150px\" \/><\/a>\n\t\t\t<\/dt>\n\t\t\t\t<dd class='wp-caption-text gallery-caption' id='gallery-1-392'>\n\t\t\t\tAda k\u0131rsal\u0131nda ya\u015fayan bir \u00e7ocuk\n\t\t\t\t<\/dd><\/dl><dl class='gallery-item'>\n\t\t\t<dt class='gallery-icon portrait'>\n\t\t\t\t<a href='http:\/\/www.ibrahimaybek.com\/index.php\/2016\/10\/22\/sao-tome-ve-prinsipe\/dscf0801\/'><img loading=\"lazy\" decoding=\"async\" width=\"150\" height=\"150\" src=\"http:\/\/www.ibrahimaybek.com\/wp-content\/uploads\/2016\/10\/DSCF0801-150x150.jpg\" class=\"attachment-thumbnail size-thumbnail\" alt=\"\" aria-describedby=\"gallery-1-383\" srcset=\"http:\/\/www.ibrahimaybek.com\/wp-content\/uploads\/2016\/10\/DSCF0801-150x150.jpg 150w, http:\/\/www.ibrahimaybek.com\/wp-content\/uploads\/2016\/10\/DSCF0801-160x160.jpg 160w, http:\/\/www.ibrahimaybek.com\/wp-content\/uploads\/2016\/10\/DSCF0801-320x320.jpg 320w\" sizes=\"auto, (max-width: 150px) 100vw, 150px\" \/><\/a>\n\t\t\t<\/dt>\n\t\t\t\t<dd class='wp-caption-text gallery-caption' id='gallery-1-383'>\n\t\t\t\t\u00dclkedeki fakirlik o boyutta ki, olduk\u00e7a eski ikinci el ayakkab\u0131lar\u0131n dahi piyasada al\u0131c\u0131s\u0131 bulunuyor.\n\t\t\t\t<\/dd><\/dl><dl class='gallery-item'>\n\t\t\t<dt class='gallery-icon landscape'>\n\t\t\t\t<a href='http:\/\/www.ibrahimaybek.com\/index.php\/2016\/10\/22\/sao-tome-ve-prinsipe\/dscf0806\/'><img loading=\"lazy\" decoding=\"async\" width=\"150\" height=\"150\" src=\"http:\/\/www.ibrahimaybek.com\/wp-content\/uploads\/2016\/10\/DSCF0806-150x150.jpg\" class=\"attachment-thumbnail size-thumbnail\" alt=\"\" aria-describedby=\"gallery-1-404\" srcset=\"http:\/\/www.ibrahimaybek.com\/wp-content\/uploads\/2016\/10\/DSCF0806-150x150.jpg 150w, http:\/\/www.ibrahimaybek.com\/wp-content\/uploads\/2016\/10\/DSCF0806-160x160.jpg 160w, http:\/\/www.ibrahimaybek.com\/wp-content\/uploads\/2016\/10\/DSCF0806-320x320.jpg 320w\" sizes=\"auto, (max-width: 150px) 100vw, 150px\" \/><\/a>\n\t\t\t<\/dt>\n\t\t\t\t<dd class='wp-caption-text gallery-caption' id='gallery-1-404'>\n\t\t\t\tAdada hi\u00e7 bir hediyelik e\u015fya ma\u011fazas\u0131 bulunmuyor, \u015fehir meydan\u0131nda hediyelik e\u015fyay\u0131 elden satan ki\u015filerle bu tezgah bulunuyor\n\t\t\t\t<\/dd><\/dl><dl class='gallery-item'>\n\t\t\t<dt class='gallery-icon landscape'>\n\t\t\t\t<a href='http:\/\/www.ibrahimaybek.com\/index.php\/2016\/10\/22\/sao-tome-ve-prinsipe\/dscf0249\/'><img loading=\"lazy\" decoding=\"async\" width=\"150\" height=\"150\" src=\"http:\/\/www.ibrahimaybek.com\/wp-content\/uploads\/2016\/10\/DSCF0249-150x150.jpg\" class=\"attachment-thumbnail size-thumbnail\" alt=\"\" aria-describedby=\"gallery-1-386\" srcset=\"http:\/\/www.ibrahimaybek.com\/wp-content\/uploads\/2016\/10\/DSCF0249-150x150.jpg 150w, http:\/\/www.ibrahimaybek.com\/wp-content\/uploads\/2016\/10\/DSCF0249-160x160.jpg 160w, http:\/\/www.ibrahimaybek.com\/wp-content\/uploads\/2016\/10\/DSCF0249-320x320.jpg 320w\" sizes=\"auto, (max-width: 150px) 100vw, 150px\" \/><\/a>\n\t\t\t<\/dt>\n\t\t\t\t<dd class='wp-caption-text gallery-caption' id='gallery-1-386'>\n\t\t\t\tLagarto Plaj\u0131\n\t\t\t\t<\/dd><\/dl><dl class='gallery-item'>\n\t\t\t<dt class='gallery-icon landscape'>\n\t\t\t\t<a href='http:\/\/www.ibrahimaybek.com\/index.php\/2016\/10\/22\/sao-tome-ve-prinsipe\/dscf0339\/'><img loading=\"lazy\" decoding=\"async\" width=\"150\" height=\"150\" src=\"http:\/\/www.ibrahimaybek.com\/wp-content\/uploads\/2016\/10\/DSCF0339-150x150.jpg\" class=\"attachment-thumbnail size-thumbnail\" alt=\"\" aria-describedby=\"gallery-1-387\" srcset=\"http:\/\/www.ibrahimaybek.com\/wp-content\/uploads\/2016\/10\/DSCF0339-150x150.jpg 150w, http:\/\/www.ibrahimaybek.com\/wp-content\/uploads\/2016\/10\/DSCF0339-160x160.jpg 160w, http:\/\/www.ibrahimaybek.com\/wp-content\/uploads\/2016\/10\/DSCF0339-320x320.jpg 320w\" sizes=\"auto, (max-width: 150px) 100vw, 150px\" \/><\/a>\n\t\t\t<\/dt>\n\t\t\t\t<dd class='wp-caption-text gallery-caption' id='gallery-1-387'>\n\t\t\t\tHa\u015ferattan ve y\u0131lan \u00e7\u0131yan gibi hayvanlardan korunmak i\u00e7in direkler \u00fczerinde y\u00fckseltilmi\u015f ev\n\t\t\t\t<\/dd><\/dl><dl class='gallery-item'>\n\t\t\t<dt class='gallery-icon portrait'>\n\t\t\t\t<a href='http:\/\/www.ibrahimaybek.com\/index.php\/2016\/10\/22\/sao-tome-ve-prinsipe\/dscf0589\/'><img loading=\"lazy\" decoding=\"async\" width=\"150\" height=\"150\" src=\"http:\/\/www.ibrahimaybek.com\/wp-content\/uploads\/2016\/10\/DSCF0589-150x150.jpg\" class=\"attachment-thumbnail size-thumbnail\" alt=\"\" aria-describedby=\"gallery-1-377\" srcset=\"http:\/\/www.ibrahimaybek.com\/wp-content\/uploads\/2016\/10\/DSCF0589-150x150.jpg 150w, http:\/\/www.ibrahimaybek.com\/wp-content\/uploads\/2016\/10\/DSCF0589-160x160.jpg 160w, http:\/\/www.ibrahimaybek.com\/wp-content\/uploads\/2016\/10\/DSCF0589-320x320.jpg 320w\" sizes=\"auto, (max-width: 150px) 100vw, 150px\" \/><\/a>\n\t\t\t<\/dt>\n\t\t\t\t<dd class='wp-caption-text gallery-caption' id='gallery-1-377'>\n\t\t\t\tAdan\u0131n bat\u0131 yolunda arazinin e\u011fimi ula\u015f\u0131m\u0131 daha da k\u0131s\u0131tlamaktad\u0131r\n\t\t\t\t<\/dd><\/dl><dl class='gallery-item'>\n\t\t\t<dt class='gallery-icon landscape'>\n\t\t\t\t<a href='http:\/\/www.ibrahimaybek.com\/index.php\/2016\/10\/22\/sao-tome-ve-prinsipe\/dscf0393\/'><img loading=\"lazy\" decoding=\"async\" width=\"150\" height=\"150\" src=\"http:\/\/www.ibrahimaybek.com\/wp-content\/uploads\/2016\/10\/DSCF0393-150x150.jpg\" class=\"attachment-thumbnail size-thumbnail\" alt=\"\" aria-describedby=\"gallery-1-376\" srcset=\"http:\/\/www.ibrahimaybek.com\/wp-content\/uploads\/2016\/10\/DSCF0393-150x150.jpg 150w, http:\/\/www.ibrahimaybek.com\/wp-content\/uploads\/2016\/10\/DSCF0393-160x160.jpg 160w, http:\/\/www.ibrahimaybek.com\/wp-content\/uploads\/2016\/10\/DSCF0393-320x320.jpg 320w\" sizes=\"auto, (max-width: 150px) 100vw, 150px\" \/><\/a>\n\t\t\t<\/dt>\n\t\t\t\t<dd class='wp-caption-text gallery-caption' id='gallery-1-376'>\n\t\t\t\tMonte Cafe mevkinde bulunan terkedilmi\u015f bir kamu binas\u0131\n\t\t\t\t<\/dd><\/dl><dl class='gallery-item'>\n\t\t\t<dt class='gallery-icon landscape'>\n\t\t\t\t<a href='http:\/\/www.ibrahimaybek.com\/index.php\/2016\/10\/22\/sao-tome-ve-prinsipe\/dscf0238\/'><img loading=\"lazy\" decoding=\"async\" width=\"150\" height=\"150\" src=\"http:\/\/www.ibrahimaybek.com\/wp-content\/uploads\/2016\/10\/DSCF0238-150x150.jpg\" class=\"attachment-thumbnail size-thumbnail\" alt=\"\" aria-describedby=\"gallery-1-374\" srcset=\"http:\/\/www.ibrahimaybek.com\/wp-content\/uploads\/2016\/10\/DSCF0238-150x150.jpg 150w, http:\/\/www.ibrahimaybek.com\/wp-content\/uploads\/2016\/10\/DSCF0238-160x160.jpg 160w, http:\/\/www.ibrahimaybek.com\/wp-content\/uploads\/2016\/10\/DSCF0238-320x320.jpg 320w\" sizes=\"auto, (max-width: 150px) 100vw, 150px\" \/><\/a>\n\t\t\t<\/dt>\n\t\t\t\t<dd class='wp-caption-text gallery-caption' id='gallery-1-374'>\n\t\t\t\t\u00dclkenin tek hastanesinin idari binas\u0131\n\t\t\t\t<\/dd><\/dl>\n\t\t\t<br style='clear: both' \/>\n\t\t<\/div>\n\n<p>Ekvator\u00a0\u00e7izgisinin\u00a0tam \u00fczerinde bulunan ve ba\u015fl\u0131ca iki b\u00fcy\u00fck adadan olu\u015fan Sao Tome ve Prinsipe (<span style=\"color: #999999;\">Sao Tome ve Principe \u015feklinde yazanlar da vard\u0131r<\/span>) \u00fclkesi eski bir Portekiz kolonisidir. \u00dclkenin en b\u00fcy\u00fck adas\u0131nda bulunan Sao Tome \u015fehri ismini ayn\u0131 zamanda bulundu\u011fu adaya vermi\u015ftir. Bilinen tarihe g\u00f6re ilk olarak 15. Ve 16. yy. da insani yerle\u015fimin ba\u015flad\u0131\u011f\u0131 adan\u0131n n\u00fcfusu, Afrika\u2019n\u0131n di\u011fer b\u00f6lgelerinden getirilen k\u00f6lelerle olu\u015fturulmu\u015ftur. Maalesef d\u00fcnyada fiili olarak k\u00f6leli\u011fin en son kalkt\u0131\u011f\u0131 \u00fclkelerden biri olan \u00fclke ba\u011f\u0131ms\u0131zl\u0131\u011f\u0131n\u0131 1975 y\u0131l\u0131nda kazanabilen olduk\u00e7a gen\u00e7 say\u0131labilen bir \u00fclkedir.<\/p>\n<div id=\"attachment_423\" style=\"width: 1024px\" class=\"wp-caption alignnone\"><a href=\"http:\/\/www.ibrahimaybek.com\/wp-content\/uploads\/2016\/10\/saotomeharita-copy.png\"><img loading=\"lazy\" decoding=\"async\" aria-describedby=\"caption-attachment-423\" class=\"size-full wp-image-423\" src=\"http:\/\/www.ibrahimaybek.com\/wp-content\/uploads\/2016\/10\/saotomeharita-copy.png\" alt=\"Sao Tome ve Prinsipe'nin konumu\" width=\"1014\" height=\"634\" srcset=\"http:\/\/www.ibrahimaybek.com\/wp-content\/uploads\/2016\/10\/saotomeharita-copy.png 1014w, http:\/\/www.ibrahimaybek.com\/wp-content\/uploads\/2016\/10\/saotomeharita-copy-300x188.png 300w\" sizes=\"auto, (max-width: 1014px) 100vw, 1014px\" \/><\/a><p id=\"caption-attachment-423\" class=\"wp-caption-text\">Sao Tome ve Prinsipe&#8217;nin konumu<\/p><\/div>\n<p>Koloni d\u00f6neminin ac\u0131lar\u0131na tan\u0131kl\u0131k etmi\u015flerin anlatt\u0131klar\u0131na g\u00f6re, zaman\u0131n toprak sahipleri, k\u00f6leli\u011fe kar\u015f\u0131 \u00e7\u0131kan halka onur k\u0131r\u0131c\u0131 a\u011f\u0131r cezalar vermekteydi. \u00d6rne\u011fin bir defas\u0131nda, itaatsizlik eden k\u00f6lelere Lagarto plaj\u0131nda denizi bo\u015faltma g\u00f6revi verilmi\u015fti. Bu zulm\u00fcn ve k\u00f6lele\u015ftirmenin\u00a0temelinde \u0131rk\u00e7\u0131l\u0131k yatmaktayd\u0131. Yine tan\u0131klar\u0131n anlatt\u0131\u011f\u0131na g\u00f6re bir defas\u0131nda, adaya bir gemi ile Kabo Verde \u00fclkesinden yeni k\u00f6leler gelmi\u015fti. K\u00f6lelerden birisi beyaz tenli idi. Bunu g\u00f6ren toprak sahibi, beyazlar\u0131n k\u00f6le olamayaca\u011f\u0131n\u0131 s\u00f6yleyerek beyaz tenli k\u00f6leyi di\u011ferlerinden ay\u0131rd\u0131.<\/p>\n<p>(<a href=\"https:\/\/www.publico.pt\/mundo\/noticia\/em-sao-tome-e-principe-a-escravatura-durou-ate-a-independencia-1729886\">Kaynak: P\u00fablico Gazetesinde yay\u0131nlanan haber dosyas\u0131<\/a>)<\/p>\n<p>Adada toprak sahiplerinin ve yerel y\u00f6netimin zul\u00fcmlerine kar\u015f\u0131 gelen halk 3 \u015eubat 1953 tarihinde Batepa b\u00f6lgesinde katilama\u00a0u\u011frat\u0131lm\u0131\u015ft\u0131r. Batepa katliam\u0131nda y\u00fczlerce k\u00f6le \u00f6ld\u00fcr\u00fclm\u00fc\u015f olsa da, haber alma zorluklar\u0131 nedeniyle, \u00f6lenlerin tam say\u0131s\u0131 bilinememektedir. Bu olay ada halk\u0131n\u0131n \u00f6zg\u00fcrl\u00fck aray\u0131\u015f\u0131nda bir mihenk ta\u015f\u0131 olmu\u015ftur. Nihayet\u00a01975 y\u0131l\u0131nda karanfil devrimi sonras\u0131nda Portekizlilerin \u00fclkenin ba\u011f\u0131ms\u0131zl\u0131\u011f\u0131n\u0131 tan\u0131yarak \u00fclkeyi terk etmesiyle, \u00fclkede \u00e7ok say\u0131da kamu binas\u0131, \u00e7iftlikler ve baz\u0131 tar\u0131m tesisleri terk edilmi\u015f durumdad\u0131r. Ada halk\u0131, kendilerine zul\u00fcm g\u00f6rd\u00fckleri ge\u00e7mi\u015flerini hat\u0131rlatt\u0131\u011f\u0131 i\u00e7in bu binalar\u0131 yeniden kullanmak istememektedirler. Son y\u0131llarda \u00f6zellikle Prinsipe adas\u0131ndaki baz\u0131 metruk \u00e7iftliklerin (<em>ro\u00e7a<\/em>) turizm tesisi olarak restore edilmesine y\u00f6nelik projeler y\u00fcr\u00fct\u00fclmektedir.<\/p>\n<p>\u00dclke son derece fakir bir \u00fclkedir, BM verilerine g\u00f6re gelirlerinin %90\u2019\u0131na yak\u0131n\u0131 d\u0131\u015f yard\u0131mlardan olu\u015fmaktad\u0131r. N\u00fcfusu yakla\u015f\u0131k 200 bin olan \u00fclkede, 2015 y\u0131l\u0131 itibariyle n\u00fcfusun sadece %60&#8217;\u0131n\u0131n elektrik enerjisine eri\u015fimi bulunmaktad\u0131r. \u0130nternet kullan\u0131m\u0131 yayg\u0131n olmamakla birlikte, otellerde ve \u015fehir merkezinde bulunan bir k\u00fct\u00fcphanede internete girilebilmektedir. \u00dclkede sadece bir Hastane bulunmakla birlikte, hastane\u00a0diyaliz \u00fcnitesi, kemoterapi \u00fcnitesi gibi temel b\u00f6l\u00fcmlerden yoksundur. \u00a0\u00dclkede <a href=\"http:\/\/www.tvs.st\/tvsplay\">TVS<\/a><a href=\"http:\/\/www.tvs.st\/tvsplay\"> isimli bir yerel TV<\/a> kanal\u0131 bulunmaktad\u0131r. \u00dclke, 2016 Aral\u0131k ay\u0131na kadar, d\u00fcnya \u00fczerindeki yayg\u0131n e\u011filimin aksine,\u00c7in olarak Tayvan\u2019\u0131 tan\u0131maktayd\u0131. Tayvan\u2019\u0131n bu nedenle ada \u00fczerinde ciddi kalk\u0131nma yard\u0131mlar\u0131 bulunmaktad\u0131r. Ancak \u00f6n g\u00f6r\u00fclemeyen bir \u015fekilde \u00fclke bu karar\u0131n\u0131 de\u011fi\u015ftirerek, 2016 Aral\u0131k ay\u0131ndan itibaren, Tayvan ile diplomatik ili\u015fkilerini keserek, \u00c7in Halk Cumhuriyetini tan\u0131d\u0131\u011f\u0131n\u0131 duyurmu\u015ftur.<\/p>\n<p><a href=\"http:\/\/www.ibrahimaybek.com\/wp-content\/uploads\/2016\/10\/tp-map.gif\"><img loading=\"lazy\" decoding=\"async\" class=\"alignnone size-full wp-image-433\" src=\"http:\/\/www.ibrahimaybek.com\/wp-content\/uploads\/2016\/10\/tp-map.gif\" alt=\"tp-map\" width=\"330\" height=\"353\" \/><\/a><\/p>\n<p>Volkanik adan\u0131n a\u011f\u0131rl\u0131kl\u0131 olarak\u00a0e\u011fimli bir topo\u011frafyas\u0131 vard\u0131r. Bu e\u011fimli topraklar son derece s\u0131k tropikal ormanlarla kapl\u0131d\u0131r. A\u011f\u0131rl\u0131kl\u0131 olarak muz a\u011fa\u00e7lar\u0131 ve palmiye t\u00fcrleri g\u00f6r\u00fcl\u00fcr. Ada da kahve ve kakao yeti\u015ftiricili\u011fi yayg\u0131nd\u0131r. Bunlarla beraber, \u015feker kam\u0131\u015f\u0131, muz \u00e7e\u015fitleri, baz\u0131 turun\u00e7giller, so\u011fan, sar\u0131msak, \u00e7e\u015fitli biber t\u00fcrleri(\u00f6zellikle k\u0131rm\u0131z\u0131biber), bal kaba\u011f\u0131, Mango, papaia gibi tar\u0131m \u00fcr\u00fcnlerinin yeti\u015ftirilmesinin yan\u0131 s\u0131ra, irili ufakl\u0131 bir\u00e7ok bal\u0131k \u00e7e\u015fidi ve deniz \u00fcr\u00fcn\u00fc avlanmaktad\u0131r. Adada kurak ve ya\u011f\u0131\u015fl\u0131 iki mevsim vard\u0131r. S\u00fcrekli ya\u011f\u0131\u015flar sebze yeti\u015ftiricili\u011fine sadece bir d\u00f6nemde izin vermektedir. Adada d\u00fcz alan s\u0131k\u0131nt\u0131s\u0131ndan \u00f6t\u00fcr\u00fc b\u00fcy\u00fckba\u015f ve k\u00fc\u00e7\u00fckba\u015f hayvan yeti\u015ftiricili\u011fi \u00e7ok yayg\u0131n olmamakla beraber, a\u011f\u0131rl\u0131kl\u0131 olarak domuz beslenmektedir, kanatl\u0131 hayvanlardan ise tavuk beslenmesi yayg\u0131nd\u0131r.<\/p>\n<p>Adan\u0131n\u00a0plajlar\u0131nda\u00a0geceleri olduk\u00e7a b\u00fcy\u00fck yenge\u00e7ler ortaya \u00e7\u0131kar. Bu yenge\u00e7ler g\u00fcnd\u00fczleri, a\u011fa\u00e7 diplerinde kazd\u0131klar\u0131 oyuklarda saklan\u0131rlar. Ada tam ekvatorun \u00fczerinde oldu\u011fu i\u00e7in, y\u0131l boyunca\u00a0Gece ve g\u00fcnd\u00fcz s\u00fcrekli 12 saattir. \u00d6\u011flen vakti g\u00fcne\u015f \u0131\u015f\u0131nlar\u0131 tam dik d\u00fc\u015ft\u00fc\u011f\u00fc i\u00e7in, \u00f6\u011flen saati direk g\u00fcne\u015f \u0131\u015f\u0131\u011f\u0131ndan ka\u00e7\u0131nmak gerekir.<\/p>\n<p>Sao Tome adas\u0131nda, aday\u0131, do\u011fudan ve bat\u0131dan \u00a0saran tek bir yol ile adan\u0131n ortas\u0131nda bulunan kahve plantasyonlar\u0131na giden asfalt bir yol\u00a0bulunmaktad\u0131r, ada yerle\u015fimleri de yer yer bu yollar\u0131n\u00a0kenarlar\u0131na in\u015fa edilen minik ah\u015fap barakalardan olu\u015fmu\u015ftur. Bat\u0131 sahilinden\u00a0uzanan yol, g\u00f6r\u00fcnd\u00fc\u011f\u00fc kadar\u0131yla daha fazla r\u00fczgar alan bir y\u00f6nde oldu\u011fu i\u00e7in olduk\u00e7a zarar g\u00f6rm\u00fc\u015ft\u00fcr. Adan\u0131n d\u00f6rt bir yan\u0131nda birbirinden g\u00fczel plajlar vard\u0131r. Adan\u0131n g\u00fcneyinde\u00a0<a href=\"https:\/\/pt.wikipedia.org\/wiki\/Parque_Natural_%C3%94bo\">\u00f4bo do\u011fal park\u0131<\/a> bulunur. Yine adan\u0131n g\u00fcneyinde Ekvator \u00e7izgisinin tam \u00fczerinden ge\u00e7ti\u011fi k\u00fc\u00e7\u00fck ilheu das rolas adac\u0131\u011f\u0131\u00a0bulunur.<\/p>\n<p>Adan\u0131n olduk\u00e7a samimi ve s\u0131cakkanl\u0131 bir halk\u0131 vard\u0131r. Y\u00fcr\u00fcrken size \u015fakalar yapabilirler, yabanc\u0131lara kar\u015f\u0131 son derece yard\u0131m sever ve naziktirler. Sokaklar g\u00fcvenlidir, ve su\u00e7 oran\u0131 d\u00fc\u015f\u00fck bir \u00fclkedir. \u0130nsanlar olduk\u00e7a \u00e7al\u0131\u015fkand\u0131r. Sabah \u00e7ok erken saatte s\u0131cak basmadan \u00e7al\u0131\u015fmaya ba\u015flarlar. Sabah 6\u2019da har\u0131l har\u0131l \u00e7al\u0131\u015fan i\u015f\u00e7iler g\u00f6rebilirsiniz. Adada aksans\u0131z, \u00e7ok net bir Portekizce konu\u015fulur, bu durumda s\u00fcrekli Portekiz kanallar\u0131n\u0131n izleniyor olmas\u0131n\u0131n da etkisi vard\u0131r. Genellikle yabanc\u0131 bir dil bilen insana rastlamak \u00e7ok kolay de\u011fildir. Otellerde ve Sao Tome \u015fehrindeki restoranlarda \u0130ngilizce bilen insanlar vard\u0131r. (Ki bu restoranlar\u0131n say\u0131s\u0131 bir elin parmaklar\u0131n\u0131 ge\u00e7memektedir.) Adada araba kiralayabilece\u011finiz ajentalar vard\u0131r. Sao Tome ve Prinsipe adalar\u0131nda kredi kart\u0131 ile \u00f6deme yayg\u0131n de\u011fildir. O y\u00fczden, yan\u0131n\u0131zda s\u00fcrekli nakit bulundurman\u0131z gereklidir. \u00dclkeye Ekvator Ginesi havayolu olan Ceiba havayollar\u0131 u\u00e7ak seferleri d\u00fczenlemektedir.\u00a0Portekiz&#8217;den ise TAP havayolunun Lizbon-Sao Tome seferleri bulunmaktad\u0131r.<\/p>\n<p>Sao Tome, ada olman\u0131n verdi\u011fi zorluklar\u0131n yan\u0131 s\u0131ra, tarihsel nedenlerle her ne kadar teknolojik a\u00e7\u0131dan geri kalm\u0131\u015f bir \u00fclke olsa da, \u00fclkenin s\u0131cak kanl\u0131 insanlar\u0131 ve e\u015fsiz do\u011fal g\u00fczellikleri nedeniyle, gidenlerin \u00e7ok ho\u015f an\u0131larla ayr\u0131ld\u0131\u011f\u0131 bir \u00fclkedir. \u00dcstelik bu \u00fclke, T\u00fcrkiye&#8217;den \u00e7ok kopuk bir \u00fclke de say\u0131lmaz, kakao ve kahve ticareti nedeniyle, Sao Tome&#8217;nin en \u00e7ok ihracat yapt\u0131\u011f\u0131 5 \u00fclke aras\u0131nda \u00fclkemiz de bulunmaktad\u0131r. Bat\u0131 Afrika&#8217;ya \u00f6zellikle Gabon&#8217;a yolunuz d\u00fc\u015ferse, Sao Tome&#8217;yi de ziyaret etmenizi tavsiye ederim.<\/p>\n","protected":false},"excerpt":{"rendered":"<p>Ekvator\u00a0\u00e7izgisinin\u00a0tam \u00fczerinde bulunan ve ba\u015fl\u0131ca iki b\u00fcy\u00fck adadan olu\u015fan Sao Tome ve Prinsipe (Sao Tome ve Principe \u015feklinde yazanlar da vard\u0131r) \u00fclkesi eski bir Portekiz kolonisidir. \u00dclkenin en b\u00fcy\u00fck adas\u0131nda bulunan Sao Tome \u015fehri ismini ayn\u0131&#46;&#46;&#46;<\/p>\n","protected":false},"author":1,"featured_media":392,"comment_status":"open","ping_status":"open","sticky":false,"template":"","format":"gallery","meta":{"footnotes":""},"categories":[10],"tags":[],"class_list":["post-372","post","type-post","status-publish","format-gallery","has-post-thumbnail","hentry","category-kultur","post_format-post-format-gallery"],"_links":{"self":[{"href":"http:\/\/www.ibrahimaybek.com\/index.php\/wp-json\/wp\/v2\/posts\/372","targetHints":{"allow":["GET"]}}],"collection":[{"href":"http:\/\/www.ibrahimaybek.com\/index.php\/wp-json\/wp\/v2\/posts"}],"about":[{"href":"http:\/\/www.ibrahimaybek.com\/index.php\/wp-json\/wp\/v2\/types\/post"}],"author":[{"embeddable":true,"href":"http:\/\/www.ibrahimaybek.com\/index.php\/wp-json\/wp\/v2\/users\/1"}],"replies":[{"embeddable":true,"href":"http:\/\/www.ibrahimaybek.com\/index.php\/wp-json\/wp\/v2\/comments?post=372"}],"version-history":[{"count":19,"href":"http:\/\/www.ibrahimaybek.com\/index.php\/wp-json\/wp\/v2\/posts\/372\/revisions"}],"predecessor-version":[{"id":577,"href":"http:\/\/www.ibrahimaybek.com\/index.php\/wp-json\/wp\/v2\/posts\/372\/revisions\/577"}],"wp:featuredmedia":[{"embeddable":true,"href":"http:\/\/www.ibrahimaybek.com\/index.php\/wp-json\/wp\/v2\/media\/392"}],"wp:attachment":[{"href":"http:\/\/www.ibrahimaybek.com\/index.php\/wp-json\/wp\/v2\/media?parent=372"}],"wp:term":[{"taxonomy":"category","embeddable":true,"href":"http:\/\/www.ibrahimaybek.com\/index.php\/wp-json\/wp\/v2\/categories?post=372"},{"taxonomy":"post_tag","embeddable":true,"href":"http:\/\/www.ibrahimaybek.com\/index.php\/wp-json\/wp\/v2\/tags?post=372"}],"curies":[{"name":"wp","href":"https:\/\/api.w.org\/{rel}","templated":true}]}}