{"id":1404,"date":"2024-03-19T01:54:05","date_gmt":"2024-03-18T22:54:05","guid":{"rendered":"http:\/\/www.ibrahimaybek.com\/?p=1404"},"modified":"2024-03-19T01:54:07","modified_gmt":"2024-03-18T22:54:07","slug":"babaya-agit","status":"publish","type":"post","link":"http:\/\/www.ibrahimaybek.com\/index.php\/2024\/03\/19\/babaya-agit\/","title":{"rendered":"Babaya a\u011f\u0131t"},"content":{"rendered":"\n<figure class=\"wp-block-image size-large\"><a href=\"https:\/\/www.ibrahimaybek.com\/wp-content\/uploads\/2024\/03\/IMG_8867-scaled.jpg\"><img loading=\"lazy\" decoding=\"async\" width=\"683\" height=\"1024\" src=\"https:\/\/www.ibrahimaybek.com\/wp-content\/uploads\/2024\/03\/IMG_8867-683x1024.jpg\" alt=\"\" class=\"wp-image-1405\" srcset=\"http:\/\/www.ibrahimaybek.com\/wp-content\/uploads\/2024\/03\/IMG_8867-683x1024.jpg 683w, http:\/\/www.ibrahimaybek.com\/wp-content\/uploads\/2024\/03\/IMG_8867-200x300.jpg 200w, http:\/\/www.ibrahimaybek.com\/wp-content\/uploads\/2024\/03\/IMG_8867-768x1152.jpg 768w, http:\/\/www.ibrahimaybek.com\/wp-content\/uploads\/2024\/03\/IMG_8867-1024x1536.jpg 1024w, http:\/\/www.ibrahimaybek.com\/wp-content\/uploads\/2024\/03\/IMG_8867-1365x2048.jpg 1365w, http:\/\/www.ibrahimaybek.com\/wp-content\/uploads\/2024\/03\/IMG_8867-scaled.jpg 1706w\" sizes=\"auto, (max-width: 683px) 100vw, 683px\" \/><\/a><\/figure>\n\n\n\n<p>Kara haber ald\u0131m Karada\u011f&#8217;da<br>\u00d6len de yolcu, kalan sa\u011f da.<\/p>\n\n\n\n<p>Kara haber ald\u0131m, dost yan\u0131mda<br>Yasa b\u00fcr\u00fcnd\u00fcm en mutlu an\u0131mda.<\/p>\n\n\n\n<p>Yudum babam\u0131, bir beden as\u0131rlanm\u0131\u015f<br>D\u00fcnyan\u0131n y\u00fck\u00fcnden aya\u011f\u0131 nas\u0131rlanm\u0131\u015f<\/p>\n\n\n\n<p>Kat kat bayraml\u0131klar\u0131n\u0131 giydirdik,<br>Dedesinin kuca\u011f\u0131na usulca indirdik.<\/p>\n\n\n\n<p>Talih mi dersin, \u015fu kadere de bak<br>El \u00f6pmeye geldi gelini mezar\u0131na ancak.<\/p>\n\n\n\n<p>Karanfiller koydu \u00fcst\u00fcne renk renk,<br>D\u00fcnyan\u0131n rengi topra\u011f\u0131n so\u011fu\u011funa denk.<\/p>\n\n\n\n<p>Ba\u011flanma \u015fu d\u00fcnyaya hakt\u0131r baki tek<br>G\u00fclen var m\u0131 ezelde ki bundan&nbsp;sonra&nbsp;g\u00fclecek?<\/p>\n","protected":false},"excerpt":{"rendered":"<p>Kara haber ald\u0131m Karada\u011f&#8217;da\u00d6len de yolcu, kalan sa\u011f da. Kara haber ald\u0131m, dost yan\u0131mdaYasa b\u00fcr\u00fcnd\u00fcm en mutlu an\u0131mda. Yudum babam\u0131, bir beden as\u0131rlanm\u0131\u015fD\u00fcnyan\u0131n y\u00fck\u00fcnden aya\u011f\u0131 nas\u0131rlanm\u0131\u015f Kat kat bayraml\u0131klar\u0131n\u0131 giydirdik,Dedesinin kuca\u011f\u0131na usulca indirdik. Talih mi dersin,&#46;&#46;&#46;<\/p>\n","protected":false},"author":1,"featured_media":1405,"comment_status":"closed","ping_status":"open","sticky":false,"template":"","format":"standard","meta":{"footnotes":""},"categories":[141],"tags":[],"class_list":["post-1404","post","type-post","status-publish","format-standard","has-post-thumbnail","hentry","category-siirlerim"],"_links":{"self":[{"href":"http:\/\/www.ibrahimaybek.com\/index.php\/wp-json\/wp\/v2\/posts\/1404","targetHints":{"allow":["GET"]}}],"collection":[{"href":"http:\/\/www.ibrahimaybek.com\/index.php\/wp-json\/wp\/v2\/posts"}],"about":[{"href":"http:\/\/www.ibrahimaybek.com\/index.php\/wp-json\/wp\/v2\/types\/post"}],"author":[{"embeddable":true,"href":"http:\/\/www.ibrahimaybek.com\/index.php\/wp-json\/wp\/v2\/users\/1"}],"replies":[{"embeddable":true,"href":"http:\/\/www.ibrahimaybek.com\/index.php\/wp-json\/wp\/v2\/comments?post=1404"}],"version-history":[{"count":1,"href":"http:\/\/www.ibrahimaybek.com\/index.php\/wp-json\/wp\/v2\/posts\/1404\/revisions"}],"predecessor-version":[{"id":1406,"href":"http:\/\/www.ibrahimaybek.com\/index.php\/wp-json\/wp\/v2\/posts\/1404\/revisions\/1406"}],"wp:featuredmedia":[{"embeddable":true,"href":"http:\/\/www.ibrahimaybek.com\/index.php\/wp-json\/wp\/v2\/media\/1405"}],"wp:attachment":[{"href":"http:\/\/www.ibrahimaybek.com\/index.php\/wp-json\/wp\/v2\/media?parent=1404"}],"wp:term":[{"taxonomy":"category","embeddable":true,"href":"http:\/\/www.ibrahimaybek.com\/index.php\/wp-json\/wp\/v2\/categories?post=1404"},{"taxonomy":"post_tag","embeddable":true,"href":"http:\/\/www.ibrahimaybek.com\/index.php\/wp-json\/wp\/v2\/tags?post=1404"}],"curies":[{"name":"wp","href":"https:\/\/api.w.org\/{rel}","templated":true}]}}