{"id":1215,"date":"2023-04-02T08:20:54","date_gmt":"2023-04-02T05:20:54","guid":{"rendered":"http:\/\/www.ibrahimaybek.com\/?p=1215"},"modified":"2023-04-02T08:47:30","modified_gmt":"2023-04-02T05:47:30","slug":"kohne-zihinlerde-devam-eden-28-subat","status":"publish","type":"post","link":"http:\/\/www.ibrahimaybek.com\/index.php\/2023\/04\/02\/kohne-zihinlerde-devam-eden-28-subat\/","title":{"rendered":"K\u00f6hne Zihinlerde Bitmeyen 28 \u015eubat"},"content":{"rendered":"\n<p><\/p>\n\n\n\n<p>Cumhuriyet tarihimizin 100.y\u0131l\u0131na girdi\u011fimiz bu y\u0131lda otuzlu ya\u015flarda bulunan herkes gibi bende \u00e7ocukluk ve gen\u00e7lik d\u00f6nemimi \u00fclke siyaset tarihimizin sa\u00e7ma sapan bir d\u00f6nemiyle ge\u00e7irmi\u015ftim. 28 \u015eubat diye \u00f6zetlenen bu devirde \u00fclkemizde m\u00fctedeyyin insanlara a\u00e7\u0131k \u015fekilde bask\u0131 yap\u0131l\u0131yor ve ne \u00fclkemizde ne d\u00fcnyada insan haklar\u0131 konusunda duyarl\u0131 ge\u00e7inen kimsenin ya\u015fananlara sesi \u00e7\u0131km\u0131yordu. O zamanlar\u0131n psikolojisini yans\u0131tan \u201d28 \u015eubat bin y\u0131l s\u00fcrecek\u201d diye bir de me\u015fhur slogan\u0131 vard\u0131. 28 \u015eubat peki bitti mi?<\/p>\n\n\n\n<p>\u00dclkemizde ya\u015fanan siyasal ve zihinsel d\u00f6n\u00fc\u015f\u00fcmlerle 28 \u015eubat bitmi\u015f gibi g\u00f6r\u00fcn\u00fcyor. Ancak bana soracak olursan\u0131z 28 \u015fubat\u0131n zihinlerde ger\u00e7ekten bitip bitmedi\u011fini anlamak i\u00e7in siyasal otoritenin olmad\u0131\u011f\u0131 deneysel ortamlarda T\u00fcrklerin nas\u0131l davrand\u0131\u011f\u0131na bakmak gerekir. Bir bu\u00e7uk y\u0131ld\u0131r ya\u015fad\u0131\u011f\u0131m Portekizde ya\u015fad\u0131\u011f\u0131m \u00f6rneklerle 28 \u015eubat\u0131n nas\u0131l hala bitmedi\u011fini, hem de ilk g\u00fcnk\u00fc karanl\u0131\u011f\u0131 ile bir\u00e7ok zihinde ya\u015famaya devam etti\u011fini g\u00f6stermek istiyorum.<\/p>\n\n\n\n<p>Portekiz Bat\u0131 Avrupa\u2019da en d\u00fc\u015f\u00fck asgari \u00fccrete sahip \u00fclke olmas\u0131ndan dolay\u0131 k\u00fcresel \u00e7a\u011fr\u0131 merkezleri bulunan firmalardan baz\u0131lar\u0131 b\u00fcy\u00fck ofislerini \u00fclkenin ba\u015fkenti Lizbon\u2019da a\u00e7m\u0131\u015ft\u0131r. Lizbon en ucuza en nitelikli insan kayna\u011f\u0131 bulunan \u015fehirlerden birisidir. Bu \u00e7a\u011fr\u0131 merkezleri Facebook, Youtube, Google gibi k\u00fcresel oyunculara m\u00fc\u015fteri deste\u011fi hizmetleri satmaktad\u0131r. \u0130\u015fte bu \u00e7a\u011fr\u0131 merkezlerinin T\u00fcrk\u00e7e projeleri de Almanya, Yunanistan, Macaristan gibi \u00fclkelerin yan\u0131 s\u0131ra Portekizde kuruludur. Bu \u015firketlerde y\u00fczlerce T\u00fcrk \u00e7al\u0131\u015fmaktad\u0131r. Ben de Lizbon\u2019da ya\u015fayan T\u00fcrklerin b\u00fcy\u00fck k\u0131sm\u0131 gibi bu \u015firketlerden bir ka\u00e7\u0131na ba\u015fvurdum. Bu adayl\u0131k s\u00fcre\u00e7lerimde ba\u015f\u0131ma gelenler beni \u00e7ocukluk y\u0131llar\u0131ma geri g\u00f6t\u00fcrd\u00fc.<\/p>\n\n\n\n<p>\u00d6ncelikle \u015funu ifade etmem gerekir ki, ben \u00f6yle a\u015f\u0131r\u0131 \u015fekilde dini vecibelere dikkat eden, dini bir hayat ya\u015fad\u0131\u011f\u0131n\u0131 \u00f6ne s\u00fcren birisi de\u011filim. Sadece Cuma namaz\u0131na gitme \u00f6zg\u00fcrl\u00fc\u011f\u00fcm\u00fcn kimse taraf\u0131ndan k\u0131s\u0131tlanamayaca\u011f\u0131n\u0131 savunuyorum. \u00d6zellikle insan\u0131n k\u00fclt\u00fcrel kimli\u011fini yitirme riskiyle kar\u015f\u0131 kar\u015f\u0131ya kald\u0131\u011f\u0131 yurt d\u0131\u015f\u0131nda, T\u00fcrkiyede cumaya gitmemeyi tercih edenlerin bile Cuma namaz\u0131na gitmelerini tavsiye ediyorum. Cuma namazlar\u0131nda \u00fclkedeki M\u00fcsl\u00fcmanlar\u0131 yak\u0131ndan ilgilendiren bir\u00e7ok \u00f6nemli duyuru yap\u0131lmaktad\u0131r. (\u00d6rne\u011fin \u00fclkedeki organ ba\u011f\u0131\u015f\u0131 rejiminin nas\u0131l oldu\u011funun anlat\u0131lmas\u0131 gibi)<\/p>\n\n\n\n<p>\u0130lk denememde Teleperformance isimli \u015firkete ba\u015fvurmu\u015ftum. Tam olarak ya\u015fananlar\u0131n detaylar\u0131na girmeden \u00f6zetleyecek olursam(olay\u0131n detaylar\u0131: <a href=\"https:\/\/teleperformanceportugal.com\/2022\/06\/08\/hello-world\/\">https:\/\/teleperformanceportugal.com\/2022\/06\/08\/hello-world\/<\/a>), \u015firkette i\u015fe ba\u015flad\u0131ktan sonra Cuma namaz\u0131na gitme talebinde bulundum. Bu talebim \u00fczerine \u015firkette bir\u00e7ok toplant\u0131 yap\u0131ld\u0131 ve bu durum ele al\u0131nd\u0131. \u015eirkette \u00e7al\u0131\u015fan \u0130talyan ve \u0130spanyol y\u00f6neticiler Cuma namaz\u0131ma gitmemim yasal oldu\u011funa karar vererek beni i\u015fe al\u0131p T\u00fcrk\u00e7e marketindeki pozisyonuma yerle\u015ftirdiler. T\u00fcrk\u00e7e marketindeki T\u00fcrk y\u00f6neticiler Cuma namaz\u0131na gitmeme kar\u015f\u0131 \u00e7\u0131kt\u0131lar. Yap\u0131lan bir toplant\u0131da S. \u0130simli bir s\u00fcperviz\u00f6r bana kar\u015f\u0131 \u015fu ifadeleri kulland\u0131:<\/p>\n\n\n\n<p>&#8211;<em>Portekiz Hristiyan bir \u00fclkedir. Bu kadar M\u00fcsl\u00fcmansan buraya niye geldin. E\u011fer namaz k\u0131lmak istiyorsan T\u00fcrkiye\u2019ye geri git. Orada binlerce cami var.<\/em><\/p>\n\n\n\n<p>Onun sevgilisi olan O. \u0130simli \u015fah\u0131s ise \u015fu ifadeleri kulland\u0131:<\/p>\n\n\n\n<p>&#8211;<em>T\u00fcrk marketinde Cuma namaz\u0131na giden bir personele kar\u015f\u0131 kesinlikle tolerans g\u00f6steremeyiz.<\/em><\/p>\n\n\n\n<p>&nbsp;Bu itirazlar\u0131na kar\u015f\u0131n yasal a\u00e7\u0131dan bir \u015fey yapamay\u0131nca ba\u015fka zorluklar \u00e7\u0131karmaya \u00e7al\u0131\u015farak, \u015firketteki t\u00fcm \u00e7al\u0131\u015fanlar nezdinde bask\u0131c\u0131 tutumlar\u0131n\u0131 art\u0131rarak \u00f6nce s\u0131k\u0131 izolasyon ve y\u0131ld\u0131rma uygulad\u0131lar. Ard\u0131ndan da gerek\u00e7e g\u00f6stermeden i\u015ften \u00e7\u0131kard\u0131lar. \u0130\u015ften \u00e7\u0131kt\u0131ktan sonra \u015firket taraf\u0131ndan a\u00e7\u0131lan soru\u015fturmada \u015firkette \u00e7al\u0131\u015fan hi\u00e7bir T\u00fcrk, herkesin g\u00f6z\u00fc \u00f6n\u00fcnde \u00e7ok a\u00e7\u0131k olaylar ya\u015fanm\u0131\u015f olmas\u0131na kar\u015f\u0131n \u015fahitlik yapmad\u0131. \u015eahit ararken konu\u015ftu\u011fum T\u00fcrklerden birisinin bana \u015f\u00f6yle dedi\u011fini \u00e7ok iyi hat\u0131rl\u0131yorum.<\/p>\n\n\n\n<p>&#8211;<em>Abi ben senin hakl\u0131 oldu\u011funu da biliyorum, sana neler yapt\u0131klar\u0131n\u0131 da biliyorum. Ama \u015fahitlik yapmak istemiyorum<\/em>.<\/p>\n\n\n\n<p>Bu olay ya\u015fand\u0131ktan sonra Portekiz\u2019in insan haklar\u0131 konusunda haberleri ile \u00f6n plana \u00e7\u0131kan bir gazetecisi olan <strong>C\u00e9u Neves<\/strong> konuyla ilgili detayl\u0131 bir dosya haz\u0131rlad\u0131.(Haberin linki: \u00a0<a href=\"https:\/\/www.dn.pt\/sociedade\/liberdade-religiosa-nao-e-uma-realidade-para-todos-os-que-moram-em-portugal-14996043.html\">https:\/\/www.dn.pt\/sociedade\/liberdade-religiosa-nao-e-uma-realidade-para-todos-os-que-moram-em-portugal-14996043.html<\/a>) Gazetecinin ara\u015ft\u0131rmalar\u0131 \u015firkette tek islamofobik ayr\u0131mc\u0131l\u0131\u011fa u\u011frayan ki\u015finin ben olmad\u0131\u011f\u0131m\u0131 ortaya \u00e7\u0131kard\u0131. \u0130smini belirmekten korkan bir ki\u015fi gazeteciye \u00f6ncesinde skandal olaylar anlatt\u0131, ard\u0131ndan i\u015ften at\u0131lma korkusuyla ifadelerini geri \u00e7ekti. \u015eirket taraf\u0131ndan olay\u0131n medyaya yans\u0131mas\u0131 sonucunda ba\u015flat\u0131lan soru\u015fturma esnas\u0131nda su\u00e7lu olan y\u00f6neticiler ceza alacaklar\u0131n\u0131 anlay\u0131nca \u015firketten istifa edip ka\u00e7arak ba\u015fka bir \u015firkete ge\u00e7tiler. \u015eirket soru\u015fturmada ismi ge\u00e7en di\u011fer be\u015f T\u00fcrk\u00fcn g\u00f6rev yerini de\u011fi\u015ftirdi. Ancak, as\u0131l ma\u011fduru i\u015fine iade etmedi ya da tazminat \u00f6demedi. Olaylar sonralar\u0131 T\u00fcrk bas\u0131n\u0131na da yans\u0131d\u0131 ancak T\u00fcrkiyede olaylar\u0131 sanki Portekizliler taraf\u0131ndan bir bask\u0131 uygulan\u0131yor gibi alg\u0131land\u0131. Hay\u0131r bilakis, olaydan sonra \u015fahitlik yapan t\u00fcm Portekizliler ya\u015fananlarla ilgili \u00fczg\u00fcn olduklar\u0131n\u0131 ifade etmi\u015fken \u015firkette \u00e7al\u0131\u015fan di\u011fer T\u00fcrkler beni Facebooktan engelledi, arkada\u015fl\u0131ktan \u00e7\u0131kard\u0131 veya buna benzer hem acayip hem de mertli\u011fe s\u0131\u011fmayan tepkiler g\u00f6sterdi. Buradan hepinize yaz\u0131klar olsun diyorum.<\/p>\n\n\n\n<p>Ba\u015fka bir \u015firket olan Cognizant isimli \u015firket ise, i\u015fe al\u0131m s\u00fcrecinde ba\u015ftan sorun \u00e7\u0131kmamas\u0131 i\u00e7in Cuma namaz\u0131 konusunun kendilerine belirtilmi\u015f olmas\u0131ndan sonra i\u015fe al\u0131mda yabanc\u0131 bir \u00e7al\u0131\u015fanla birlikte bir T\u00fcrk\u00fc g\u00f6revlendirdi. \u015eirketteki T\u00fcrk\u00fcn y\u00f6nlendirmesi ile i\u015f m\u00fclakat\u0131 tam Cuma g\u00fcn\u00fc Cuma namaz\u0131 vaktine ayarland\u0131. Cuma namaz\u0131 nedeniyle ge\u00e7 kalarak kat\u0131ld\u0131\u011f\u0131m zoom g\u00f6r\u00fc\u015fmesinde, benim oturuma kat\u0131ld\u0131\u011f\u0131m\u0131 farketmeyen T\u00fcrk, yabanc\u0131 \u00e7al\u0131\u015fana aleyhimde Cuma namaz\u0131 nedeniyle m\u00fclakata ge\u00e7 kald\u0131\u011f\u0131m y\u00f6n\u00fcnde y\u00f6nlendirmelerde bulunuyordu. Nitekim bu \u015firket de i\u015fe ba\u015fka birini ald\u0131\u011f\u0131n\u0131 s\u00f6yledi. Ancak ayn\u0131 \u015firket ayn\u0131 pozisyon i\u00e7in eleman aramaya devam ediyor.(Fiili olarak Cuma namaz\u0131na gitmeme \u015fart\u0131yla) \u0130\u015fe yeteneklerim yetmedi\u011fi i\u00e7in girememi\u015f olma ihtimalim yok mu? Var tabi ki, ama bu \u015firketler \u00dcniversite mezunu olma \u015fart\u0131 bile aram\u0131yor. Arad\u0131klar\u0131 tek \u015fart ingilizce bilmek ve AB vatanda\u015f\u0131 olmak. Ben ingilizce bilmekle yetinmiyorum. Be\u015f dil biliyorum. Bunlardan \u00fc\u00e7\u00fcn\u00fc \u00e7eviri d\u00fczeyinde biliyorum. Yani ba\u015fvurdu\u011fum pozisyon i\u00e7in zaten overqualified yani istenenden fazla nitelikliyim.<\/p>\n\n\n\n<p>Bu konuyu bir\u00e7ok y\u00f6nden de\u011ferlendirmek gerekiyor. Bu olayda beni su\u00e7layan birinci kesim, Portekiz\u2019in darulharb yeri oldu\u011funu ve burada Cuma namaz\u0131 k\u0131lman\u0131n farz olmad\u0131\u011f\u0131n\u0131 savunuyor. Bu kitlenin din kar\u015f\u0131t\u0131 ve d\u00fc\u015fman\u0131 islamofobiklerden bile daha tehlikeli bir kesim oldu\u011funu belirtmem gerekir. \u00c7\u00fcnk\u00fc islami arg\u00fcmanlarla M\u00fcsl\u00fcmanlar\u0131n haklar\u0131n\u0131 ellerinden almaya \u00e7al\u0131\u015fmaktad\u0131rlar. Portekiz t\u0131pk\u0131 T\u00fcrkiye gibi laik bir \u00fclkedir. Dolay\u0131s\u0131 ile T\u00fcrkiye ve Portekiz aras\u0131nda darulharbl\u0131k a\u00e7\u0131s\u0131ndan hi\u00e7bir fark bulunmamaktad\u0131r. Portekizde din ve vicdan \u00f6zg\u00fcrl\u00fc\u011f\u00fc yasal g\u00fcvence alt\u0131na al\u0131nm\u0131\u015ft\u0131r. Hatta \u00fclkedeki din ve vicdan \u00f6zg\u00fcrl\u00fc\u011f\u00fc yasas\u0131n\u0131n 14. Maddesine g\u00f6re (<a href=\"https:\/\/dre.pt\/dre\/legislacao-consolidada\/lei\/2001-34483475\">https:\/\/dre.pt\/dre\/legislacao-consolidada\/lei\/2001-34483475<\/a>) insanlar devlet taraf\u0131ndan tan\u0131nan dinlerin zorunlu ibadet saatlerinde \u00e7al\u0131\u015fmaya zorlanamazlar. Bu saatlerde mesai aksamas\u0131 olursa ancak \u00fccret kesintisi yapabilirler. Hatta \u00fcniversiteler dahi, bu saatlerde bir s\u0131nav koyarlarsa, bu ki\u015finin s\u0131nav\u0131n\u0131 tekrar etmek zorundad\u0131rlar deniyor. T\u00fcrkiyede Cuma namaz\u0131 ile ilgili yasal d\u00fczenleme 2016 y\u0131l\u0131nda yap\u0131lm\u0131\u015ft\u0131. Portekizde ise bu d\u00fczenleme 2001 y\u0131l\u0131nda yap\u0131lm\u0131\u015f, yani \u00f6zg\u00fcrl\u00fck anlam\u0131nda bizden 15 sene \u00f6nce zaten Portekiz devleti \u00f6zg\u00fcr b\u0131rakm\u0131\u015f. \u00dclkede bu yasaya \u015firketler b\u00fcy\u00fck \u00f6l\u00e7\u00fcde uyuyor. Bu yasaya uymayan tek kitle \u00fclkede \u00e7al\u0131\u015fan 28 \u015eubat zihniyetli T\u00fcrkler. Bunun bir ispat\u0131 bu yasan\u0131n uygulanmas\u0131 i\u00e7in kurulmu\u015f olan din ve vicdan \u00f6zg\u00fcrl\u00fc\u011f\u00fc komisyonunda yanl\u0131zca bir \u015fikayet yap\u0131lm\u0131\u015f olmas\u0131 ve bu dosyan\u0131n Portekizli \u015firket taraf\u0131ndan empati yap\u0131larak uzla\u015f\u0131 ile kapat\u0131lm\u0131\u015f olmas\u0131 g\u00f6sterilebilir.<\/p>\n\n\n\n<p>Yukar\u0131da zikretti\u011fim \u015firketlerde d\u00fcnyan\u0131n her yerinden insanlar \u00e7al\u0131\u015f\u0131yor. Frans\u0131z marketinde bir\u00e7ok Ma\u011fribi M\u00fcsl\u00fcman, Arap, \u0130ngilizce marketlerde bir\u00e7ok Pakistanl\u0131 ve Hint M\u00fcsl\u00fcman \u00e7al\u0131\u015f\u0131yor. Bu projelerde \u00e7al\u0131\u015fan t\u00fcm M\u00fcsl\u00fcmanlar\u0131n Cuma namaz\u0131na gitme haklar\u0131 var. Yaln\u0131zca T\u00fcrklere bu yasak uygulan\u0131yor. \u00dcstelik di\u011fer T\u00fcrkler taraf\u0131ndan. \u015eirketler b\u00f6yle bir yasa\u011f\u0131n olmad\u0131\u011f\u0131n\u0131 savunsalar da fiili olarak bu \u015firketlerde \u00e7al\u0131\u015fan en az 2000 T\u00fcrk\u2019\u00fcn i\u00e7inden Cumaya giden bir ki\u015finin bile olmamas\u0131 hayat\u0131n ola\u011fan ak\u0131\u015f\u0131na terstir. Bu da \u015firketlerde kapal\u0131 kap\u0131lar ard\u0131nda ya\u015fanan bask\u0131n\u0131n bir ispat\u0131d\u0131r. \u015eirketlerin burada g\u00f6sterdi\u011fi en b\u00fcy\u00fck ihmal bu yasaklarla ilgili iddialar\u0131 ara\u015ft\u0131rmamalar\u0131 ve \u00fcst\u00fcne gitmemeleri, sorumlular\u0131na cezalar vermemeleridir. Ba\u015fka bir hatalar\u0131 ise \u00e7o\u011fulculuk slogan\u0131n\u0131 s\u00fcrekli kullan\u0131yor olmalar\u0131na ra\u011fmen, pratikte bunu yaln\u0131zca LGBT pride month etkinli\u011fi ile yans\u0131t\u0131yor olmalar\u0131d\u0131r. Bu \u015firketlerde LGBT konusunda onlarca etkinlik festival sergi s\u00f6yle\u015fi filan d\u00fczenlenir. Ancak ne M\u00fcsl\u00fcmanlar\u0131n kutsal g\u00fcnleri ne de di\u011fer dinlerin bayramlar\u0131 ile ilgili ne kuru bir kutlama mesaj\u0131 ne de bir etkinlik yap\u0131lmaz. O zaman burada bir \u00e7o\u011fulculuktan bahsedilemez. <\/p>\n\n\n\n<p>Resmi rakamlar a\u00e7\u0131s\u0131ndan olaya bakacak olursa, El\u00e7ilik nezdinde edinilen \u015fifahi bilgiye g\u00f6re \u00fclkede diaspora olu\u015fturacak kadar T\u00fcrk bulunmamaktad\u0131r. Lizbon\u2019da T\u00fcrkiye vatanda\u015f\u0131 olan resmi kayd\u0131 bulunan T\u00fcrk say\u0131s\u0131n\u0131n 800 civar\u0131nda oldu\u011fu ifade edilmektedir. \u00d6ncelikle bu rakama kesinlikle kat\u0131lmad\u0131\u011f\u0131m\u0131 ve Portekiz devleti taraf\u0131ndan a\u00e7\u0131klanan oturum ve vatanda\u015fl\u0131k verilen T\u00fcrk say\u0131lar\u0131 ile \u00f6rt\u00fc\u015fmedi\u011fini belirtmek gerekir. Bunun yan\u0131 s\u0131ra bu \u015firketlerde sadece T\u00fcrkiye\u2019den gelen T\u00fcrkler yoktur. Hatta a\u011f\u0131rl\u0131kl\u0131 olarak K\u0131br\u0131s, Bulgaristan, Almanya, Fransa ve Bel\u00e7ika\u2019dan gelen AB vatanda\u015f\u0131 T\u00fcrklerde. Dolay\u0131s\u0131 ile T\u00fcrk dendi\u011finde sadece T\u00fcrkiye Cumhuriyeti vatanda\u015flar\u0131 anla\u015f\u0131lacaksa ger\u00e7ekten Avrupa\u2019da en az T\u00fcrk\u00fcn ya\u015fad\u0131\u011f\u0131 \u00fclke Portekizdir, ancak vatanda\u015f olsun olmas\u0131n t\u00fcm T\u00fcrkler anla\u015f\u0131lacaksa ortada milletimize kar\u015f\u0131 yap\u0131lan insan hakk\u0131 ihlalleri oldu\u011fu a\u015fikard\u0131r. Bu hakk\u0131 savunacak da resmi ya da STK nezdinde hi\u00e7bir kurum yoktur.<\/p>\n\n\n\n<p>Cuma namaz\u0131na gitme konusu sadece M\u00fcsl\u00fcmanlar\u0131 ilgilendiren bir konu de\u011fildir. T\u00fcrk olsun, yabanc\u0131 olsun, M\u00fcsl\u00fcman olsun ateist olsun, Lizbonda ya\u015fayan bilin\u00e7li her bireyin burada i\u015flenen bu insan hakk\u0131 ihlaline kar\u015f\u0131 \u00e7\u0131kmas\u0131 laz\u0131m. \u00d6zellikle de T\u00fcrkiye\u2019den gelip Portekiz Vatanda\u015fl\u0131\u011f\u0131 hakk\u0131 elde eden say\u0131lar\u0131 hi\u00e7 de az\u0131msanmayacak olacak(15 binin \u00fczerinde) Sefarad Yahudilerinin. Nitekim sefarad Yahudileri tarihte bu topraklarda din ve vicdan \u00f6zg\u00fcrl\u00fc\u011f\u00fcn\u00fcn en ac\u0131 \u00f6rneklerine maruz b\u0131rak\u0131lm\u0131\u015f din de\u011fi\u015ftirmeye zorlanm\u0131\u015f, y\u0131llarca takip edilip bask\u0131 uygulanm\u0131\u015f ve ya katliama maruz kalm\u0131\u015f bir topluluktur. Lizbon&#8217;un merkezinde tarihteki bu katliamlar\u0131 k\u0131nayan Yahudi Soyk\u0131r\u0131m\u0131 an\u0131t\u0131 bulunmaktad\u0131r. Buradan T\u00fcrk Yahudilerini de bir kez daha Portekizde yeniden ya\u015fanan din ve vicdan \u00f6zg\u00fcrl\u00fc\u011f\u00fc ihlallerine kar\u015f\u0131 tepkili olmaya davet ediyorum.<\/p>\n\n\n\n<p>T\u00fcm bu ya\u015fananlar T\u00fcrkiyede tarihin tozlu sayfalar\u0131na g\u00f6m\u00fclm\u00fc\u015f gibi g\u00f6r\u00fcnen 28 \u015eubat s\u00fcrecinin halen k\u00f6hne zihinlerde nas\u0131l diri ve pusuda bekledi\u011fini g\u00f6stermektedir. F\u0131rsat\u0131n\u0131 buldu\u011fu anda hortlamaya elveri\u015fli bu hastal\u0131kl\u0131 zihniyetle sonuna kadar m\u00fccadele etmedik\u00e7e \u00fclkemizde her an y\u0131llar\u0131n kazan\u0131mlar\u0131n\u0131n kaybedilme riski bulunmaktad\u0131r.<\/p>\n","protected":false},"excerpt":{"rendered":"<p>Cumhuriyet tarihimizin 100.y\u0131l\u0131na girdi\u011fimiz bu y\u0131lda otuzlu ya\u015flarda bulunan herkes gibi bende \u00e7ocukluk ve gen\u00e7lik d\u00f6nemimi \u00fclke siyaset tarihimizin sa\u00e7ma sapan bir d\u00f6nemiyle ge\u00e7irmi\u015ftim. 28 \u015eubat diye \u00f6zetlenen bu devirde \u00fclkemizde m\u00fctedeyyin insanlara a\u00e7\u0131k \u015fekilde bask\u0131&#46;&#46;&#46;<\/p>\n","protected":false},"author":1,"featured_media":1218,"comment_status":"closed","ping_status":"open","sticky":false,"template":"","format":"standard","meta":{"footnotes":""},"categories":[131],"tags":[],"class_list":["post-1215","post","type-post","status-publish","format-standard","has-post-thumbnail","hentry","category-duyurular"],"_links":{"self":[{"href":"http:\/\/www.ibrahimaybek.com\/index.php\/wp-json\/wp\/v2\/posts\/1215","targetHints":{"allow":["GET"]}}],"collection":[{"href":"http:\/\/www.ibrahimaybek.com\/index.php\/wp-json\/wp\/v2\/posts"}],"about":[{"href":"http:\/\/www.ibrahimaybek.com\/index.php\/wp-json\/wp\/v2\/types\/post"}],"author":[{"embeddable":true,"href":"http:\/\/www.ibrahimaybek.com\/index.php\/wp-json\/wp\/v2\/users\/1"}],"replies":[{"embeddable":true,"href":"http:\/\/www.ibrahimaybek.com\/index.php\/wp-json\/wp\/v2\/comments?post=1215"}],"version-history":[{"count":15,"href":"http:\/\/www.ibrahimaybek.com\/index.php\/wp-json\/wp\/v2\/posts\/1215\/revisions"}],"predecessor-version":[{"id":1239,"href":"http:\/\/www.ibrahimaybek.com\/index.php\/wp-json\/wp\/v2\/posts\/1215\/revisions\/1239"}],"wp:featuredmedia":[{"embeddable":true,"href":"http:\/\/www.ibrahimaybek.com\/index.php\/wp-json\/wp\/v2\/media\/1218"}],"wp:attachment":[{"href":"http:\/\/www.ibrahimaybek.com\/index.php\/wp-json\/wp\/v2\/media?parent=1215"}],"wp:term":[{"taxonomy":"category","embeddable":true,"href":"http:\/\/www.ibrahimaybek.com\/index.php\/wp-json\/wp\/v2\/categories?post=1215"},{"taxonomy":"post_tag","embeddable":true,"href":"http:\/\/www.ibrahimaybek.com\/index.php\/wp-json\/wp\/v2\/tags?post=1215"}],"curies":[{"name":"wp","href":"https:\/\/api.w.org\/{rel}","templated":true}]}}