{"id":1127,"date":"2022-06-22T19:31:21","date_gmt":"2022-06-22T16:31:21","guid":{"rendered":"http:\/\/www.ibrahimaybek.com\/?p=1127"},"modified":"2022-06-22T19:37:21","modified_gmt":"2022-06-22T16:37:21","slug":"capoeira-muzigi-ve-zikirx","status":"publish","type":"post","link":"http:\/\/www.ibrahimaybek.com\/index.php\/2022\/06\/22\/capoeira-muzigi-ve-zikirx\/","title":{"rendered":"Capoeira M\u00fczi\u011fi ve Zikir"},"content":{"rendered":"\n<figure class=\"wp-block-image size-large\"><a href=\"http:\/\/www.ibrahimaybek.com\/wp-content\/uploads\/2022\/06\/screen-0.jpg\"><img loading=\"lazy\" decoding=\"async\" width=\"631\" height=\"410\" src=\"http:\/\/www.ibrahimaybek.com\/wp-content\/uploads\/2022\/06\/screen-0.jpg\" alt=\"\" class=\"wp-image-1128\" srcset=\"http:\/\/www.ibrahimaybek.com\/wp-content\/uploads\/2022\/06\/screen-0.jpg 631w, http:\/\/www.ibrahimaybek.com\/wp-content\/uploads\/2022\/06\/screen-0-300x195.jpg 300w\" sizes=\"auto, (max-width: 631px) 100vw, 631px\" \/><\/a><\/figure>\n\n\n\n<p>Brezilya \u00fclkemizden 10.000km uzakl\u0131kta bir \u00fclkedir. Eski Portekiz s\u00f6m\u00fcrgesi olan \u00fclkenin tarihsel d\u00f6n\u00fc\u015f\u00fcm\u00fcne bakt\u0131\u011f\u0131m\u0131zda, 16. Asr\u0131n ortalar\u0131ndan itibaren, Portekiz Krall\u0131\u011f\u0131n\u0131n en \u00f6nemli topraklar\u0131ndan birisi haline gelmi\u015ftir. \u00dclkede Portekizlilerin kurdu\u011fu bir\u00e7ok plantasyonlarda \u00e7al\u0131\u015ft\u0131r\u0131lmak \u00fczere b\u00f6lgeye Afrika\u2019dan \u00e7ok say\u0131da k\u00f6le getirilmi\u015ftir. Bu k\u00f6lelerin zaman i\u00e7erisinde g\u00f6rd\u00fckleri zul\u00fcm\u00fcm bir ifadesi olarak Capoeira m\u00fczi\u011fi do\u011fmu\u015ftur. Ve zaman i\u00e7erisinde m\u00fczik e\u015fli\u011finde yap\u0131lan hareketlerle bir direni\u015fin sembol\u00fc ve bir savunma sanat\u0131na d\u00f6n\u00fc\u015fm\u00fc\u015f, t\u00fcm d\u00fcnyay\u0131 etkisine alm\u0131\u015f k\u00f6kl\u00fc bir Brezilya gelene\u011fi haline gelmi\u015ftir.<\/p>\n\n\n\n<p>Capoeira m\u00fczi\u011finin do\u011fu\u015f k\u00f6kenleri ile ilgili \u00e7ok ilgin\u00e7 bir teori vard\u0131r. Bu da Afrika\u2019dan getirilen \u00e7ok say\u0131da M\u00fcsl\u00fcman k\u00f6lenin, zorla dinlerini de\u011fi\u015ftirilmesine kar\u015f\u0131n, \u0130slam inanc\u0131ndan gelen zikir geleneklerini Capoeira ezgilerinde ya\u015fatmalar\u0131d\u0131r. Capoeira m\u00fczi\u011fini dinleyen \u00e7ok ki\u015fi, bu m\u00fcziklerin zikir pratikleri ile ne kadar i\u00e7li d\u0131\u015fl\u0131 olduklar\u0131n\u0131 derinden hisseder. Bu ezgilerde, modern Portekizcede anlam\u0131 bilinmeyen baz\u0131 kelimeler s\u00fcrekli tekrar edilerek Capoeira yapanlar bir nevi meditasyon haline girerler.<\/p>\n\n\n\n<p>Bu ezgilerden bilindik bir tanesi \u201cL\u00e1 lau\u00ea lau\u00ea lau\u00ea lau\u00ea\u201d denmektedir. Bu ezgi asl\u0131nda bize y\u00fczlerce y\u0131l ge\u00e7mi\u015fte ya\u015fam\u0131\u015f M\u00fcsl\u00fcman k\u00f6lelerin, moral ve teselli bulmak i\u00e7in birlikte zikrettikleri La ilahe \u0130llallah nidalar\u0131n\u0131 iletmektedir. Bug\u00fcne kadar bu konu \u00fczerine ara\u015ft\u0131rmalar yap\u0131lm\u0131\u015f olsa da, k\u00f6lelik d\u00f6nemine ait bir\u00e7ok k\u00fclt\u00fcrel gelenek b\u00fcy\u00fck \u00f6l\u00e7\u00fcde yok edildi\u011fi i\u00e7in bu t\u00fcr etkileri bilimsel ya da etimolojik olarak ara\u015ft\u0131rmak \u00e7ok m\u00fcmk\u00fcn olmasa da, Capoeira m\u00fczi\u011fi ile Afrika\u2019da g\u00f6r\u00fclen zikir gelenekleri aras\u0131ndaki benzerlik hi\u00e7 kimse taraf\u0131ndan reddedilemez.<\/p>\n\n\n\n<p>Mevlevi gelene\u011finin merkezi olan Konya\u2019da her y\u0131l mistik m\u00fczik Festivali d\u00fczenlenmektedir. Buradan t\u00fcm Konyal\u0131 y\u00f6neticilere \u00e7a\u011fr\u0131md\u0131r, bu festivallere mutlaka Brezilya\u2019dan bir Capoeira grubu davet edilmeli ve bu uzak iki \u00fclke aras\u0131ndaki tarihi dostluk ve karde\u015flik yeniden an\u0131lmal\u0131 ya\u015fat\u0131lmal\u0131d\u0131r.&nbsp; Capoeira m\u00fczi\u011finin Brezilya\u2019daki \u00f6nemli merkezleri haline gelmi\u015f \u015fehirlerle mutlaka Konya aras\u0131nda karde\u015f \u015fehir anla\u015fmalar\u0131 d\u00fczenlenmeli ve bu gelene\u011fin Konya\u2019da da ya\u015fat\u0131lmas\u0131 sa\u011flanmal\u0131d\u0131r. Bir\u00e7ok y\u00f6nde \u00fclkemize \u00f6nc\u00fcl\u00fck eden bir \u015fehir olan Konya\u2019n\u0131n Capoeira sanat\u0131n\u0131n \u00fclkemizde tan\u0131t\u0131m\u0131na da \u00f6nemli katk\u0131 sa\u011flayaca\u011f\u0131 inanc\u0131nday\u0131m.<\/p>\n\n\n\n<p>T\u00fcrkiye\u2019de bulunan Brezilya B\u00fcy\u00fckel\u00e7ili\u011fi ile Konya\u2019daki Gen\u00e7lik ve Spor \u0130l M\u00fcd\u00fcrl\u00fc\u011f\u00fc ba\u015fta olmak \u00fczere di\u011fer bir\u00e7ok kamu kurumlar\u0131m\u0131z aras\u0131nda de bu anlamda k\u00fclt\u00fcrel ili\u015fki ve i\u015fbirli\u011fi geli\u015ftirilmesi ve tarihten gelen bu karde\u015fli\u011fin kal\u0131c\u0131 olmas\u0131n\u0131 temenni ediyorum.<\/p>\n\n\n\n<figure class=\"wp-block-embed is-type-video is-provider-youtube wp-block-embed-youtube wp-embed-aspect-16-9 wp-has-aspect-ratio\"><div class=\"wp-block-embed__wrapper\">\n<div class=\"video-container\"><iframe loading=\"lazy\" title=\"L\u00e1 lau\u00ea\" width=\"500\" height=\"281\" src=\"https:\/\/www.youtube.com\/embed\/C_rYxHraOQg?feature=oembed&#038;wmode=opaque\" frameborder=\"0\" allow=\"accelerometer; autoplay; clipboard-write; encrypted-media; gyroscope; picture-in-picture; web-share\" referrerpolicy=\"strict-origin-when-cross-origin\" allowfullscreen><\/iframe><\/div>\n<\/div><\/figure>\n","protected":false},"excerpt":{"rendered":"<p>Brezilya \u00fclkemizden 10.000km uzakl\u0131kta bir \u00fclkedir. Eski Portekiz s\u00f6m\u00fcrgesi olan \u00fclkenin tarihsel d\u00f6n\u00fc\u015f\u00fcm\u00fcne bakt\u0131\u011f\u0131m\u0131zda, 16. Asr\u0131n ortalar\u0131ndan itibaren, Portekiz Krall\u0131\u011f\u0131n\u0131n en \u00f6nemli topraklar\u0131ndan birisi haline gelmi\u015ftir. \u00dclkede Portekizlilerin kurdu\u011fu bir\u00e7ok plantasyonlarda \u00e7al\u0131\u015ft\u0131r\u0131lmak \u00fczere b\u00f6lgeye Afrika\u2019dan \u00e7ok&#46;&#46;&#46;<\/p>\n","protected":false},"author":1,"featured_media":1128,"comment_status":"closed","ping_status":"open","sticky":false,"template":"","format":"standard","meta":{"footnotes":""},"categories":[10],"tags":[],"class_list":["post-1127","post","type-post","status-publish","format-standard","has-post-thumbnail","hentry","category-kultur"],"_links":{"self":[{"href":"http:\/\/www.ibrahimaybek.com\/index.php\/wp-json\/wp\/v2\/posts\/1127","targetHints":{"allow":["GET"]}}],"collection":[{"href":"http:\/\/www.ibrahimaybek.com\/index.php\/wp-json\/wp\/v2\/posts"}],"about":[{"href":"http:\/\/www.ibrahimaybek.com\/index.php\/wp-json\/wp\/v2\/types\/post"}],"author":[{"embeddable":true,"href":"http:\/\/www.ibrahimaybek.com\/index.php\/wp-json\/wp\/v2\/users\/1"}],"replies":[{"embeddable":true,"href":"http:\/\/www.ibrahimaybek.com\/index.php\/wp-json\/wp\/v2\/comments?post=1127"}],"version-history":[{"count":3,"href":"http:\/\/www.ibrahimaybek.com\/index.php\/wp-json\/wp\/v2\/posts\/1127\/revisions"}],"predecessor-version":[{"id":1131,"href":"http:\/\/www.ibrahimaybek.com\/index.php\/wp-json\/wp\/v2\/posts\/1127\/revisions\/1131"}],"wp:featuredmedia":[{"embeddable":true,"href":"http:\/\/www.ibrahimaybek.com\/index.php\/wp-json\/wp\/v2\/media\/1128"}],"wp:attachment":[{"href":"http:\/\/www.ibrahimaybek.com\/index.php\/wp-json\/wp\/v2\/media?parent=1127"}],"wp:term":[{"taxonomy":"category","embeddable":true,"href":"http:\/\/www.ibrahimaybek.com\/index.php\/wp-json\/wp\/v2\/categories?post=1127"},{"taxonomy":"post_tag","embeddable":true,"href":"http:\/\/www.ibrahimaybek.com\/index.php\/wp-json\/wp\/v2\/tags?post=1127"}],"curies":[{"name":"wp","href":"https:\/\/api.w.org\/{rel}","templated":true}]}}