{"id":1116,"date":"2022-04-29T00:09:28","date_gmt":"2022-04-28T21:09:28","guid":{"rendered":"http:\/\/www.ibrahimaybek.com\/?p=1116"},"modified":"2022-04-29T06:56:53","modified_gmt":"2022-04-29T03:56:53","slug":"gibi-alegorisinin-mucidi-benim-babamdir","status":"publish","type":"post","link":"http:\/\/www.ibrahimaybek.com\/index.php\/2022\/04\/29\/gibi-alegorisinin-mucidi-benim-babamdir\/","title":{"rendered":"Gibi Alegorisinin Mucidi benim Babamd\u0131r"},"content":{"rendered":"\n<figure class=\"wp-block-image size-large\"><a href=\"http:\/\/www.ibrahimaybek.com\/wp-content\/uploads\/2022\/04\/Gibi-Dizisi-Oyunculari-ve-Karakterleri-Yilmaz-Ilkkan-Ersoy-Gibi-disizi-karakteri-1.jpg\"><img loading=\"lazy\" decoding=\"async\" width=\"1024\" height=\"617\" src=\"http:\/\/www.ibrahimaybek.com\/wp-content\/uploads\/2022\/04\/Gibi-Dizisi-Oyunculari-ve-Karakterleri-Yilmaz-Ilkkan-Ersoy-Gibi-disizi-karakteri-1-1024x617.jpg\" alt=\"\" class=\"wp-image-1117\" srcset=\"http:\/\/www.ibrahimaybek.com\/wp-content\/uploads\/2022\/04\/Gibi-Dizisi-Oyunculari-ve-Karakterleri-Yilmaz-Ilkkan-Ersoy-Gibi-disizi-karakteri-1-1024x617.jpg 1024w, http:\/\/www.ibrahimaybek.com\/wp-content\/uploads\/2022\/04\/Gibi-Dizisi-Oyunculari-ve-Karakterleri-Yilmaz-Ilkkan-Ersoy-Gibi-disizi-karakteri-1-300x181.jpg 300w, http:\/\/www.ibrahimaybek.com\/wp-content\/uploads\/2022\/04\/Gibi-Dizisi-Oyunculari-ve-Karakterleri-Yilmaz-Ilkkan-Ersoy-Gibi-disizi-karakteri-1-768x463.jpg 768w, http:\/\/www.ibrahimaybek.com\/wp-content\/uploads\/2022\/04\/Gibi-Dizisi-Oyunculari-ve-Karakterleri-Yilmaz-Ilkkan-Ersoy-Gibi-disizi-karakteri-1-1536x926.jpg 1536w, http:\/\/www.ibrahimaybek.com\/wp-content\/uploads\/2022\/04\/Gibi-Dizisi-Oyunculari-ve-Karakterleri-Yilmaz-Ilkkan-Ersoy-Gibi-disizi-karakteri-1.jpg 1563w\" sizes=\"auto, (max-width: 1024px) 100vw, 1024px\" \/><\/a><\/figure>\n\n\n\n<p>Son g\u00fcnlerde televizyon dizilerinin yerini internet dizileri almaya ba\u015flad\u0131. Bu dizilerin aras\u0131ndan son derece ba\u015far\u0131l\u0131 yap\u0131mlar \u00e7\u0131kmaya ba\u015flad\u0131. Bunlardan birisi de ku\u015fkusuz Exxen adl\u0131 platformda yay\u0131nlanan \u201cGibi\u201d isimli dizidir. Kadrosunda Feyyaz Yi\u011fit ve K\u0131van\u00e7 K\u0131l\u0131n\u00e7 gibi isimlerin yer ald\u0131\u011f\u0131 dizi yay\u0131nland\u0131\u011f\u0131 g\u00fcnden itibaren kamuoyunda olduk\u00e7a ses getirdi. Sokak sanat\u0131 emsalinde sokak felsefesi lezzeti veren dizinin sahneleri internette \u00e7ok kez payla\u015f\u0131ld\u0131. Dizinin isminin Feyyaz Yi\u011fit\u2019in konu\u015fmalar\u0131n\u0131 \u201cgibi\u201d diyerek bitirmesinden esinlenildi\u011fi konu\u015fulmaya ba\u015flad\u0131. Bana g\u00f6re \u00e7ok yarat\u0131c\u0131 bir fikirdi. Kavramlar aras\u0131nda benzerlik ili\u015fkisi kurmakta kulland\u0131\u011f\u0131m\u0131z gibi kelimesi, ayn\u0131 zamanda \u00e7ok m\u00fctevazi bir kelime de\u011fil miydi? Beni yak\u0131ndan tan\u0131yan herkesin bildi\u011fi \u00fczere babamla aram\u0131zda y\u0131llard\u0131r s\u00fcr\u00fcp giden bir \u201cgibi\u201d diyalo\u011fu bulunmaktad\u0131r.<\/p>\n\n\n\n<p>\u015e\u00f6yle ki; ben babam\u0131n son \u00e7ocu\u011fuyum. Konyada son \u00e7ocuklarla ilgili mu\u015fte\u015fem bir tabir vard\u0131r. Son \u00e7ocuklara tekne kaz\u0131nt\u0131s\u0131 denir. Bu deyimin anlam\u0131 \u015fudur, f\u0131r\u0131nc\u0131lar bir tekne hamurla ekmek yaparlar. Sonra hamur bittikten sonra, teknenin kenarlar\u0131nda kalan art\u0131klar\u0131 \u0131spatula ile kaz\u0131yarak, en son bir ekmek yap\u0131l\u0131r. \u0130\u015fte bu son yap\u0131lan ekme\u011fe tekne kaz\u0131nt\u0131s\u0131 denir. Genellikle ya bir fakire verilir ya da daha ucuza sat\u0131l\u0131r. Bendeniz de, babam\u0131n tekne kaz\u0131nt\u0131s\u0131 oldu\u011fum i\u00e7in karde\u015flerim aras\u0131nda her zaman kendisinden daha az ba\u015far\u0131 beklenen \u00e7ocuk olmu\u015fumdur.<\/p>\n\n\n\n<p>Hayat\u0131m boyunca ne ba\u015far\u0131rsam, ne yaparsam yapay\u0131m, onu ba\u015faran ki\u015fi olmak yerine ancak onu ba\u015faranlar gibi olabildim. 4 y\u0131l Mimarl\u0131k fak\u00fcltesini okudum, mimar oldum. \u0130ki sene mimar olarak \u00f6zel sekt\u00f6rde \u00e7al\u0131\u015ft\u0131m. Uygulama projeleri \u00e7izdim, \u00e7izdi\u011fim binalar uyguland\u0131. Sonra birg\u00fcn babamlar\u0131n mutfa\u011f\u0131n\u0131 yenileme f\u0131rsat\u0131 do\u011fdu\u011funda, meziyetlerimi sergileme hevesi ile hemen i\u015fe soyundum. \u0130nce ince \u00f6l\u00e7t\u00fcm, bilgisayarda modelledim, mutfa\u011fa uygun mobilyalar\u0131 se\u00e7tim. Ustalara g\u00fcvenmeyip, kollar\u0131 s\u0131vay\u0131p i\u015f\u00e7ili\u011fini de kendim yapt\u0131m. Sonu\u00e7ta milimi milimine, mutfa\u011f\u0131n her yerinin de\u011ferlendirildi\u011fi muazzam bir i\u015f \u00e7\u0131kt\u0131. Son montaj\u0131 da yap\u0131nca babam\u0131 \u00e7a\u011f\u0131rd\u0131m ve sordum, baba nas\u0131l olmu\u015f. Babam\u0131n cevab\u0131 \u00e7ok manidard\u0131, aferim o\u011flum, ayn\u0131 mimar yapm\u0131\u015f gibi olmu\u015f dedi. Baba ben zaten mimar\u0131m art\u0131k dedim. \u00d6yle de\u011fil o\u011flum bildi\u011fin ger\u00e7ek mimar yapm\u0131\u015f gibi olmu\u015f dedi.<\/p>\n\n\n\n<p>Herhalde latife yap\u0131yor diyerek \u00fcst\u00fcnde \u00e7ok durmad\u0131m.<\/p>\n\n\n\n<p>Sonra g\u00fcnlerden bir g\u00fcn Portekizce dilbilgisi kitab\u0131 yay\u0131nlad\u0131m. Yay\u0131nlad\u0131\u011f\u0131m ilk kitap olmas\u0131n\u0131n hevesiyle elime ge\u00e7en ilk n\u00fcshalardan birini al\u0131p babama g\u00f6t\u00fcrd\u00fcm. Babam kitaba \u015f\u00f6yle bir bakt\u0131, sayfalar\u0131n\u0131 kar\u0131\u015ft\u0131rd\u0131. Sonra d\u00f6nd\u00fc ve bana, aferim o\u011flum senin yazd\u0131\u011f\u0131n hi\u00e7 anla\u015f\u0131lm\u0131yor, ayn\u0131 yazar yazm\u0131\u015f gibi olmu\u015f dedi.<\/p>\n\n\n\n<p>Y\u0131llar ge\u00e7ti ve Tika\u2019da \u00e7al\u0131\u015fmaya ba\u015flad\u0131m, T\u0130KA\u2019n\u0131n Portekizce konu\u015fulan bir \u00fclkedeki ilk ofisi olacak olan Maputo Koordinasyon Ofisinin kurucu Koordinat\u00f6r\u00fc olma g\u00f6revi nasip oldu. Diplomatik pasaportla \u00fclkemizi temsilen Mozambikte g\u00f6revlendirildim. Yola \u00e7\u0131kmadan \u00f6nce babamlar\u0131n hay\u0131r duas\u0131n\u0131 almak i\u00e7in eve u\u011frad\u0131m. Babam bana bakt\u0131, aferim o\u011flum ayn\u0131 diplomat gibi olmu\u015fsun dedi.<\/p>\n\n\n\n<p>\u00dcst\u00fcme yap\u0131\u015f\u0131p kalan bu gibi olma durumu sadece b\u00f6yle \u00f6nemli sand\u0131\u011f\u0131m \u015feylerle mi s\u0131n\u0131rl\u0131yd\u0131? Yok, kurumumuzda bisikletle i\u015fe gidip gelen tek ki\u015fi olmama, ve bu inad\u0131m\u0131, bisiklet yolu ya da bisiklet park\u0131 ya da bisiklete binme k\u00fclt\u00fcr\u00fc olmayan bir \u015fehir olan Ankara\u2019da y\u0131llar y\u0131l\u0131 s\u00fcrd\u00fcrm\u00fc\u015f olmama ra\u011fmen, bir g\u00fcn bisiklet s\u00fcrerken \u00e7ektirdi\u011fim bir foto\u011fraf\u0131m\u0131 aile whatsapp grubumuza att\u0131m. Babam yine her zamanki yorumunu yapt\u0131, o\u011flum ayn\u0131 bisiklet\u00e7i gibi olmu\u015fsun.<\/p>\n\n\n\n<p>2013 y\u0131l\u0131nda, ailevi durumum nedeniyle Portekiz vatanda\u015f\u0131 olmu\u015ftum. Dolay\u0131s\u0131 ile hem Portekiz hem de AB vatanda\u015f\u0131 olmu\u015ftum. Belki de AB vatanda\u015f\u0131 olmama ra\u011fmen T\u00fcrkiye\u2019de ya\u015famay\u0131 tercih etti\u011fim i\u00e7in midir, nedir Babam dedi ki, o\u011flum ayn\u0131 Avrupal\u0131 gibi oldun.<\/p>\n\n\n\n<p>Portekizce \u00fczerindeki bilgilerimin pi\u015fmeye ba\u015flad\u0131\u011f\u0131 y\u0131llarda, Portekiz edebiyat\u0131n\u0131n en \u00f6nemli eseri kabul edilen Lusitanyal\u0131lar eserini, ilk kez T\u00fcrk\u00e7eye \u00e7evirdim. \u00dcstelik bu \u00e7eviriyi \u00f6zg\u00fcn yap\u0131s\u0131n\u0131 koruyarak kafiyeli \u015fekilde yapt\u0131m. \u00c7evirim bittikten sonra bu sefer kendi kendime dedim ki, ayn\u0131 \u00e7evirmen \u00e7evirmi\u015f gibi oldu. Benim \u00e7evirdi\u011fim hi\u00e7 anla\u015f\u0131lm\u0131yor.<\/p>\n\n\n\n<p>Bu gibi olmak fikri asl\u0131nda insan\u0131 \u00e7ok rahatlat\u0131c\u0131 bir alegoridir. Hi\u00e7bir zaman, \u00fczerinizde o i\u015fi ger\u00e7ekten yap\u0131yor olarak zikredilen ki\u015filerden beklenen \u015feylerin sizden beklenmeyece\u011fini d\u00fc\u015f\u00fcn\u00fcrs\u00fcn\u00fcz ve bir \u015fey yapmaktan korkmazs\u0131n\u0131z. San\u0131r\u0131m, hayatta ba\u015fard\u0131\u011f\u0131m her\u015feyi babam\u0131n geli\u015ftirdi\u011fi bu gibi olma fikrine bor\u00e7luyum.<\/p>\n\n\n\n<p>\u00d6mr\u00fcm\u00fcn geri kalan\u0131nda daha kimler gibi olaca\u011f\u0131n\u0131 \u00e7ok merak ediyor, gurura kap\u0131lmamay\u0131 bana \u00f6\u011freten babam\u0131n ellerinden \u00f6p\u00fcyorum.<\/p>\n\n\n\n<p>Lizbon 2022<\/p>\n","protected":false},"excerpt":{"rendered":"<p>Son g\u00fcnlerde televizyon dizilerinin yerini internet dizileri almaya ba\u015flad\u0131. Bu dizilerin aras\u0131ndan son derece ba\u015far\u0131l\u0131 yap\u0131mlar \u00e7\u0131kmaya ba\u015flad\u0131. Bunlardan birisi de ku\u015fkusuz Exxen adl\u0131 platformda yay\u0131nlanan \u201cGibi\u201d isimli dizidir. Kadrosunda Feyyaz Yi\u011fit ve K\u0131van\u00e7 K\u0131l\u0131n\u00e7 gibi&#46;&#46;&#46;<\/p>\n","protected":false},"author":1,"featured_media":1117,"comment_status":"closed","ping_status":"open","sticky":false,"template":"","format":"standard","meta":{"footnotes":""},"categories":[124],"tags":[],"class_list":["post-1116","post","type-post","status-publish","format-standard","has-post-thumbnail","hentry","category-anilar"],"_links":{"self":[{"href":"http:\/\/www.ibrahimaybek.com\/index.php\/wp-json\/wp\/v2\/posts\/1116","targetHints":{"allow":["GET"]}}],"collection":[{"href":"http:\/\/www.ibrahimaybek.com\/index.php\/wp-json\/wp\/v2\/posts"}],"about":[{"href":"http:\/\/www.ibrahimaybek.com\/index.php\/wp-json\/wp\/v2\/types\/post"}],"author":[{"embeddable":true,"href":"http:\/\/www.ibrahimaybek.com\/index.php\/wp-json\/wp\/v2\/users\/1"}],"replies":[{"embeddable":true,"href":"http:\/\/www.ibrahimaybek.com\/index.php\/wp-json\/wp\/v2\/comments?post=1116"}],"version-history":[{"count":7,"href":"http:\/\/www.ibrahimaybek.com\/index.php\/wp-json\/wp\/v2\/posts\/1116\/revisions"}],"predecessor-version":[{"id":1124,"href":"http:\/\/www.ibrahimaybek.com\/index.php\/wp-json\/wp\/v2\/posts\/1116\/revisions\/1124"}],"wp:featuredmedia":[{"embeddable":true,"href":"http:\/\/www.ibrahimaybek.com\/index.php\/wp-json\/wp\/v2\/media\/1117"}],"wp:attachment":[{"href":"http:\/\/www.ibrahimaybek.com\/index.php\/wp-json\/wp\/v2\/media?parent=1116"}],"wp:term":[{"taxonomy":"category","embeddable":true,"href":"http:\/\/www.ibrahimaybek.com\/index.php\/wp-json\/wp\/v2\/categories?post=1116"},{"taxonomy":"post_tag","embeddable":true,"href":"http:\/\/www.ibrahimaybek.com\/index.php\/wp-json\/wp\/v2\/tags?post=1116"}],"curies":[{"name":"wp","href":"https:\/\/api.w.org\/{rel}","templated":true}]}}