{"id":1106,"date":"2022-03-31T16:21:41","date_gmt":"2022-03-31T13:21:41","guid":{"rendered":"http:\/\/www.ibrahimaybek.com\/?p=1106"},"modified":"2022-03-31T16:22:53","modified_gmt":"2022-03-31T13:22:53","slug":"debre-damo-manastiri","status":"publish","type":"post","link":"http:\/\/www.ibrahimaybek.com\/index.php\/2022\/03\/31\/debre-damo-manastiri\/","title":{"rendered":"Debre Damo Manast\u0131r\u0131"},"content":{"rendered":"\n<figure class=\"wp-block-image size-large\"><a href=\"https:\/\/www.ibrahimaybek.com\/wp-content\/uploads\/2022\/03\/1-1.jpeg\"><img loading=\"lazy\" decoding=\"async\" width=\"1024\" height=\"768\" src=\"https:\/\/www.ibrahimaybek.com\/wp-content\/uploads\/2022\/03\/1-1-1024x768.jpeg\" alt=\"\" class=\"wp-image-1107\" srcset=\"http:\/\/www.ibrahimaybek.com\/wp-content\/uploads\/2022\/03\/1-1-1024x768.jpeg 1024w, http:\/\/www.ibrahimaybek.com\/wp-content\/uploads\/2022\/03\/1-1-300x225.jpeg 300w, http:\/\/www.ibrahimaybek.com\/wp-content\/uploads\/2022\/03\/1-1-768x576.jpeg 768w, http:\/\/www.ibrahimaybek.com\/wp-content\/uploads\/2022\/03\/1-1-1536x1152.jpeg 1536w, http:\/\/www.ibrahimaybek.com\/wp-content\/uploads\/2022\/03\/1-1.jpeg 1600w\" sizes=\"auto, (max-width: 1024px) 100vw, 1024px\" \/><\/a><\/figure>\n\n\n\n<p>\u00dclkemizde, yenilik\u00e7i, enerjik ve vizyoner bir ku\u015fak geliyor. Bu ku\u015fa\u011fa pop\u00fcler ismiyle Z ku\u015fa\u011f\u0131 diyoruz. Gen\u00e7lerimiz aras\u0131nda son zamanlarda yurt d\u0131\u015f\u0131na gidip orada ya\u015famak i\u00e7in hayal kurmak olduk\u00e7a pop\u00fclerle\u015fti. Video platformlar\u0131nda bir\u00e7ok \u00fclkede ya\u015fam tecr\u00fcbesi ile ilgili bilgiler havalarda u\u00e7u\u015fuyor. Bir gen\u00e7 k\u0131z elinde 20\u20ac ile s\u00fcpermarkete girip neler alabilece\u011fini g\u00f6steriyor. Ba\u015fka bir gen\u00e7 Amerika\u2019daki araba fiyatlar\u0131n\u0131 i\u015ftahla anlat\u0131yor.<\/p>\n\n\n\n<figure class=\"wp-block-image size-large\"><a href=\"https:\/\/www.ibrahimaybek.com\/wp-content\/uploads\/2022\/03\/1-2.jpeg\"><img loading=\"lazy\" decoding=\"async\" width=\"768\" height=\"1024\" src=\"https:\/\/www.ibrahimaybek.com\/wp-content\/uploads\/2022\/03\/1-2-768x1024.jpeg\" alt=\"\" class=\"wp-image-1108\" srcset=\"http:\/\/www.ibrahimaybek.com\/wp-content\/uploads\/2022\/03\/1-2-768x1024.jpeg 768w, http:\/\/www.ibrahimaybek.com\/wp-content\/uploads\/2022\/03\/1-2-225x300.jpeg 225w, http:\/\/www.ibrahimaybek.com\/wp-content\/uploads\/2022\/03\/1-2-1152x1536.jpeg 1152w, http:\/\/www.ibrahimaybek.com\/wp-content\/uploads\/2022\/03\/1-2.jpeg 1200w\" sizes=\"auto, (max-width: 768px) 100vw, 768px\" \/><\/a><\/figure>\n\n\n\n<p>Gen\u00e7lere bir tavsiyem var. Gen\u00e7ler, d\u00fcnyay\u0131 elbette ke\u015ffedin, gezin g\u00f6r\u00fcn, dola\u015f\u0131n, ama gidece\u011finiz yerleri s\u00fcpermarket fiyatlar\u0131 gibi basit parametlerle se\u00e7meyin. \u0130nsan \u00e7ok y\u00f6nl\u00fc bir varl\u0131kt\u0131r. Bedeninizi bir \u015fekilde doyurursunuz. Peki ya ruhunuz, peki ya beyniniz, peki ya i\u00e7 sesiniz, peki ya sanat zevkiniz, daha neler neler? Myanmarda Swagadon Pagodas\u0131nda bir ak\u015fam oturup ortam\u0131n sesine kap\u0131l\u0131p gitmeyecek misiniz? Arjantin\u2019de bir dost grubuyla sohbet edip, ortakla\u015fa mate cosido \u00e7ay\u0131 i\u00e7meyecek misiniz? (Pandemi nedeniyle halen ortakla\u015fa i\u00e7iyorlar m\u0131 bilmiyorum.) Ya da Mo\u011folistan bozk\u0131rlar\u0131nda bir \u00e7ad\u0131rda konaklamayacak m\u0131s\u0131n\u0131z? \u00dclkeleri ekonomik olarak zengin ve fakir \u00fclkeler olarak g\u00f6r\u00fcp, s\u00fcrekli daha zengin olanlara do\u011fru g\u00f6\u00e7meye \u00e7al\u0131\u015farak, k\u00fclt\u00fcrel olarak zengin \u00fclkeleri, insanl\u0131\u011f\u0131n hazinesini, insan denen varl\u0131\u011f\u0131n ne oldu\u011funu nas\u0131l ke\u015ffedebiliriz ki?<\/p>\n\n\n\n<figure class=\"wp-block-image size-large\"><a href=\"https:\/\/www.ibrahimaybek.com\/wp-content\/uploads\/2022\/03\/1-3.jpeg\"><img loading=\"lazy\" decoding=\"async\" width=\"768\" height=\"1024\" src=\"https:\/\/www.ibrahimaybek.com\/wp-content\/uploads\/2022\/03\/1-3-768x1024.jpeg\" alt=\"\" class=\"wp-image-1109\" srcset=\"http:\/\/www.ibrahimaybek.com\/wp-content\/uploads\/2022\/03\/1-3-768x1024.jpeg 768w, http:\/\/www.ibrahimaybek.com\/wp-content\/uploads\/2022\/03\/1-3-225x300.jpeg 225w, http:\/\/www.ibrahimaybek.com\/wp-content\/uploads\/2022\/03\/1-3-1152x1536.jpeg 1152w, http:\/\/www.ibrahimaybek.com\/wp-content\/uploads\/2022\/03\/1-3.jpeg 1200w\" sizes=\"auto, (max-width: 768px) 100vw, 768px\" \/><\/a><\/figure>\n\n\n\n<p>\u0130\u015fte bug\u00fcn size tam da bu minvalde bir tecr\u00fcbemi anlataca\u011f\u0131m. D\u00fcnyan\u0131n globalle\u015fmeden en az etkilenmi\u015f \u00fclkelerinden birisi hi\u00e7 ku\u015fkusuz Etiyopya\u2019d\u0131r. Bu \u00fclke bir\u00e7ok \u00f6zelli\u011finin yan\u0131nda Afrika\u2019da hi\u00e7 s\u00f6m\u00fcr\u00fclememi\u015f iki \u00fclkeden birisidir. Bu nedenle eskilerden g\u00fcn\u00fcm\u00fcze uzanan Habe\u015f k\u00fclt\u00fcr\u00fc \u00e7ok iyi korunmu\u015ftur. Bir\u00e7ok eski metinde Etiyopya kelimesi bu k\u00f6kl\u00fc k\u00fclt\u00fcr\u00fc sayesinde Afrika anlam\u0131nda kullan\u0131lm\u0131\u015ft\u0131r. Hatta, Marko Polo\u2019nun seyahatnamesinde \u00e7ok g\u00fc\u00e7l\u00fc ve \u00e7ok zengin oldu\u011fu tasvir edilen Rahip John fig\u00fcr\u00fcn\u00fcn Etiyopya\u2019da oldu\u011funu rivayet edenler \u00e7\u0131km\u0131\u015ft\u0131r.<\/p>\n\n\n\n<figure class=\"wp-block-image size-large\"><a href=\"https:\/\/www.ibrahimaybek.com\/wp-content\/uploads\/2022\/03\/1-4.jpeg\"><img loading=\"lazy\" decoding=\"async\" width=\"768\" height=\"1024\" src=\"https:\/\/www.ibrahimaybek.com\/wp-content\/uploads\/2022\/03\/1-4-768x1024.jpeg\" alt=\"\" class=\"wp-image-1110\" srcset=\"http:\/\/www.ibrahimaybek.com\/wp-content\/uploads\/2022\/03\/1-4-768x1024.jpeg 768w, http:\/\/www.ibrahimaybek.com\/wp-content\/uploads\/2022\/03\/1-4-225x300.jpeg 225w, http:\/\/www.ibrahimaybek.com\/wp-content\/uploads\/2022\/03\/1-4-1152x1536.jpeg 1152w, http:\/\/www.ibrahimaybek.com\/wp-content\/uploads\/2022\/03\/1-4.jpeg 1200w\" sizes=\"auto, (max-width: 768px) 100vw, 768px\" \/><\/a><\/figure>\n\n\n\n<p>Bu \u00fclkenin da\u011fl\u0131k co\u011frafyas\u0131 ile uyumlu olarak, muazzam bir ta\u015f mimarisi vard\u0131r. G\u00fcn\u00fcm\u00fczde dahi en iyi ta\u015f i\u015f\u00e7ili\u011fi \u00f6rneklerine bu \u00fclkede rastlan\u0131r. Bu mimarinin en g\u00fczide \u00f6rneklerinden birisi Lalibela Manast\u0131r\u0131d\u0131r. Ama bu yaz\u0131da sizlerle daha az bilindik bir manast\u0131r\u0131 payla\u015faca\u011f\u0131m.<\/p>\n\n\n\n<p>Etiyopya\u2019n\u0131n Tigray Eyaletinde, Eritre s\u0131n\u0131r\u0131na yak\u0131n b\u00f6lgelerde sivri tepeler bulunmaktad\u0131r. Bu tepelerin birisinin \u00fczerinde eski \u00e7a\u011flardan beri \u00e7ok iyi korunmu\u015f bir manast\u0131r kompleksi bulunmaktad\u0131r. Debre Damo ismi verilen bu yere, kad\u0131nlar\u0131n \u00e7\u0131kmas\u0131na izin verilmemektedir. Hac b\u00f6lgesi olarak y\u0131l\u0131n belirli d\u00f6nemlerinde ziyaret edilen manast\u0131r kompleksinden olu\u015fan tepeye ula\u015f\u0131m olduk\u00e7a k\u0131s\u0131tl\u0131d\u0131r. Manast\u0131r\u0131n tepenin eteklerine kadar ula\u015fan en yak\u0131n yaya yolundan a\u015fa\u011f\u0131 yukar\u0131 20 metre y\u00fckseklikte bulunan kap\u0131s\u0131na t\u0131rmanmak i\u00e7in ne bir merdiven yap\u0131lm\u0131\u015ft\u0131r ne de bir asans\u00f6r. Bu manast\u0131r\u0131 ger\u00e7ekten g\u00f6rmek istiyorsan\u0131z, 6 katl\u0131 bir apartman y\u00fcksekli\u011findeki kayal\u0131\u011f\u0131 halatla t\u0131rmanman\u0131z gerekir. \u00dcstelik halat derken de, \u00f6yle modern, end\u00fcstriyel da\u011fc\u0131l\u0131k halatlar\u0131ndan bahsetmiyoruz. Tamamen el yap\u0131m\u0131 liflerin birle\u015ftirilmesi ile olu\u015fturulmu\u015f, ve ne kadar s\u00fcredir kullan\u0131ld\u0131\u011f\u0131 belli olmayan bir halat.<\/p>\n\n\n\n<figure class=\"wp-block-image size-large\"><a href=\"https:\/\/www.ibrahimaybek.com\/wp-content\/uploads\/2022\/03\/1-5.jpeg\"><img loading=\"lazy\" decoding=\"async\" width=\"768\" height=\"1024\" src=\"https:\/\/www.ibrahimaybek.com\/wp-content\/uploads\/2022\/03\/1-5-768x1024.jpeg\" alt=\"\" class=\"wp-image-1111\" srcset=\"http:\/\/www.ibrahimaybek.com\/wp-content\/uploads\/2022\/03\/1-5-768x1024.jpeg 768w, http:\/\/www.ibrahimaybek.com\/wp-content\/uploads\/2022\/03\/1-5-225x300.jpeg 225w, http:\/\/www.ibrahimaybek.com\/wp-content\/uploads\/2022\/03\/1-5-1152x1536.jpeg 1152w, http:\/\/www.ibrahimaybek.com\/wp-content\/uploads\/2022\/03\/1-5.jpeg 1200w\" sizes=\"auto, (max-width: 768px) 100vw, 768px\" \/><\/a><\/figure>\n\n\n\n<p>Ger\u00e7ekten cesaretinizi toplay\u0131p bu halatla yukar\u0131 t\u0131rmanmay\u0131 g\u00f6ze alabilirseniz, tepede bulunan bir ke\u015fi\u015f sizi belinize dolad\u0131\u011f\u0131n\u0131z halatla yukar\u0131 do\u011fru \u00e7ekmektedir. E\u011fer benim gibi da\u011fc\u0131l\u0131k tecr\u00fcbeniz yoksa, ilk \u00e7\u0131k\u0131\u015f\u0131n\u0131z \u00e7ok m\u00fc\u015fk\u00fcl olacakt\u0131r.<\/p>\n\n\n\n<p>Yukar\u0131 \u00e7\u0131kt\u0131\u011f\u0131n\u0131zda sizi ta\u015f mimarisi ile b\u00fcy\u00fcleyen bir manast\u0131r kar\u015f\u0131lar. Bu manast\u0131r\u0131n duvar\u0131nda, t\u0131pk\u0131 kud\u00fcste Yahudilerin dua etti\u011fi \u015fekilde, duvara kar\u015f\u0131 dualar eden ke\u015fi\u015fler bulunmaktad\u0131r. Manast\u0131r\u0131n i\u00e7inde kademe kademe b\u00f6lmeler vard\u0131r. Bir kap\u0131 i\u00e7inden ba\u015fka bir kap\u0131 a\u00e7\u0131lmaktad\u0131r. En i\u00e7erde ise eski d\u00f6nemlerden kalan, ba\u015fka bir \u00fclkede olsa \u00e7oktan m\u00fczelerde koruma alt\u0131na al\u0131nm\u0131\u015f el yazmas\u0131 inciller bulunmaktad\u0131r. Bu inciller sergi amac\u0131yla orda de\u011fildir, halen okunmaktad\u0131r.<\/p>\n\n\n\n<figure class=\"wp-block-image size-large\"><a href=\"https:\/\/www.ibrahimaybek.com\/wp-content\/uploads\/2022\/03\/1-6.jpeg\"><img loading=\"lazy\" decoding=\"async\" width=\"1024\" height=\"1024\" src=\"https:\/\/www.ibrahimaybek.com\/wp-content\/uploads\/2022\/03\/1-6-1024x1024.jpeg\" alt=\"\" class=\"wp-image-1112\" srcset=\"http:\/\/www.ibrahimaybek.com\/wp-content\/uploads\/2022\/03\/1-6-1024x1024.jpeg 1024w, http:\/\/www.ibrahimaybek.com\/wp-content\/uploads\/2022\/03\/1-6-300x300.jpeg 300w, http:\/\/www.ibrahimaybek.com\/wp-content\/uploads\/2022\/03\/1-6-150x150.jpeg 150w, http:\/\/www.ibrahimaybek.com\/wp-content\/uploads\/2022\/03\/1-6-768x768.jpeg 768w, http:\/\/www.ibrahimaybek.com\/wp-content\/uploads\/2022\/03\/1-6-1536x1536.jpeg 1536w, http:\/\/www.ibrahimaybek.com\/wp-content\/uploads\/2022\/03\/1-6-160x160.jpeg 160w, http:\/\/www.ibrahimaybek.com\/wp-content\/uploads\/2022\/03\/1-6-320x320.jpeg 320w, http:\/\/www.ibrahimaybek.com\/wp-content\/uploads\/2022\/03\/1-6.jpeg 1600w\" sizes=\"auto, (max-width: 1024px) 100vw, 1024px\" \/><\/a><\/figure>\n\n\n\n<p>Yerle\u015fke i\u00e7inde ba\u015fka binalar da vard\u0131r. Burada inzivaya \u00e7ekilen ke\u015fi\u015flerin su i\u00e7ebilmesi i\u00e7in su kuyular\u0131 a\u00e7\u0131lm\u0131\u015ft\u0131r. Bu tepe b\u00f6lgeden o kadar y\u00fcksektedir ki, a\u015fa\u011f\u0131ya bakarken kartallar\u0131n bile sizden daha al\u00e7akta u\u00e7tu\u011funu g\u00f6r\u00fcrs\u00fcn\u00fcz. Tepede tarih boyunca vefat etmi\u015f ke\u015fi\u015flerin kabirleri de bulunmaktad\u0131r. Debre Damo manast\u0131r yerle\u015fkesi gezinizi elinizden geldik\u00e7e uzun tutman\u0131zda fayda var \u00e7\u00fcnk\u00fc i\u015fin sonunda o halatla bir de a\u015fa\u011f\u0131 inmek var. Deneyimime g\u00f6re inmenin \u00e7\u0131kmaktan daha korkun\u00e7 bir deneyim oldu\u011fumu s\u00f6ylemem gerekir.<\/p>\n\n\n\n<figure class=\"wp-block-image size-large\"><a href=\"https:\/\/www.ibrahimaybek.com\/wp-content\/uploads\/2022\/03\/1-7.jpeg\"><img loading=\"lazy\" decoding=\"async\" width=\"768\" height=\"1024\" src=\"https:\/\/www.ibrahimaybek.com\/wp-content\/uploads\/2022\/03\/1-7-768x1024.jpeg\" alt=\"\" class=\"wp-image-1113\" srcset=\"http:\/\/www.ibrahimaybek.com\/wp-content\/uploads\/2022\/03\/1-7-768x1024.jpeg 768w, http:\/\/www.ibrahimaybek.com\/wp-content\/uploads\/2022\/03\/1-7-225x300.jpeg 225w, http:\/\/www.ibrahimaybek.com\/wp-content\/uploads\/2022\/03\/1-7-1152x1536.jpeg 1152w, http:\/\/www.ibrahimaybek.com\/wp-content\/uploads\/2022\/03\/1-7.jpeg 1200w\" sizes=\"auto, (max-width: 768px) 100vw, 768px\" \/><\/a><\/figure>\n\n\n\n<p>K\u00fcreselle\u015fmenin getirdi\u011fi baz\u0131 d\u00fc\u015f\u00fcnce kal\u0131plar\u0131 bizi \u00fclkeleri geli\u015fmi\u015f \u00fclkeler ve geli\u015fmemi\u015f \u00fclkeler diye ay\u0131rmaya itmektedir. Acaba hangi insani manada, k\u00fclt\u00fcrel manada, estetik manada, ruhani manada bir di\u011ferinden daha \u00e7ok geli\u015fmi\u015ftir? Bu sorunun cevab\u0131n\u0131 siz de benim gibi merak ediyorsan\u0131z, bu \u00fclkeleri b\u00fct\u00fcn bilgisi googledan, ya da kulaktan dolma bilgilerden ibaret olan fluencerlar\u0131n \u00e7ekti\u011fi youtube videolar\u0131ndan de\u011fil, bizzat gidip g\u00f6rerek tan\u0131y\u0131n ke\u015ffedin.<\/p>\n","protected":false},"excerpt":{"rendered":"<p>\u00dclkemizde, yenilik\u00e7i, enerjik ve vizyoner bir ku\u015fak geliyor. Bu ku\u015fa\u011fa pop\u00fcler ismiyle Z ku\u015fa\u011f\u0131 diyoruz. Gen\u00e7lerimiz aras\u0131nda son zamanlarda yurt d\u0131\u015f\u0131na gidip orada ya\u015famak i\u00e7in hayal kurmak olduk\u00e7a pop\u00fclerle\u015fti. Video platformlar\u0131nda bir\u00e7ok \u00fclkede ya\u015fam tecr\u00fcbesi ile&#46;&#46;&#46;<\/p>\n","protected":false},"author":1,"featured_media":1108,"comment_status":"closed","ping_status":"open","sticky":false,"template":"","format":"standard","meta":{"footnotes":""},"categories":[10],"tags":[],"class_list":["post-1106","post","type-post","status-publish","format-standard","has-post-thumbnail","hentry","category-kultur"],"_links":{"self":[{"href":"http:\/\/www.ibrahimaybek.com\/index.php\/wp-json\/wp\/v2\/posts\/1106","targetHints":{"allow":["GET"]}}],"collection":[{"href":"http:\/\/www.ibrahimaybek.com\/index.php\/wp-json\/wp\/v2\/posts"}],"about":[{"href":"http:\/\/www.ibrahimaybek.com\/index.php\/wp-json\/wp\/v2\/types\/post"}],"author":[{"embeddable":true,"href":"http:\/\/www.ibrahimaybek.com\/index.php\/wp-json\/wp\/v2\/users\/1"}],"replies":[{"embeddable":true,"href":"http:\/\/www.ibrahimaybek.com\/index.php\/wp-json\/wp\/v2\/comments?post=1106"}],"version-history":[{"count":1,"href":"http:\/\/www.ibrahimaybek.com\/index.php\/wp-json\/wp\/v2\/posts\/1106\/revisions"}],"predecessor-version":[{"id":1114,"href":"http:\/\/www.ibrahimaybek.com\/index.php\/wp-json\/wp\/v2\/posts\/1106\/revisions\/1114"}],"wp:featuredmedia":[{"embeddable":true,"href":"http:\/\/www.ibrahimaybek.com\/index.php\/wp-json\/wp\/v2\/media\/1108"}],"wp:attachment":[{"href":"http:\/\/www.ibrahimaybek.com\/index.php\/wp-json\/wp\/v2\/media?parent=1106"}],"wp:term":[{"taxonomy":"category","embeddable":true,"href":"http:\/\/www.ibrahimaybek.com\/index.php\/wp-json\/wp\/v2\/categories?post=1106"},{"taxonomy":"post_tag","embeddable":true,"href":"http:\/\/www.ibrahimaybek.com\/index.php\/wp-json\/wp\/v2\/tags?post=1106"}],"curies":[{"name":"wp","href":"https:\/\/api.w.org\/{rel}","templated":true}]}}